{"id":838,"date":"2013-06-27T16:27:29","date_gmt":"2013-06-27T16:27:29","guid":{"rendered":"https:\/\/www.leben-atmen.com\/palermo\/?p=838"},"modified":"2013-06-27T16:27:29","modified_gmt":"2013-06-27T16:27:29","slug":"geisterstadt-nr-2-stroncone","status":"publish","type":"post","link":"https:\/\/www.leben-atmen.com\/palermo\/2013\/06\/27\/geisterstadt-nr-2-stroncone\/","title":{"rendered":"Geisterstadt Nr 2: Stroncone"},"content":{"rendered":"<p>Naja fast \u2013 Geisterstadt. Ebenso wenig wie in Contigliano ist auch hier kaum m\u00f6glich mit dem Auto in die Stadt zu gelangen. Ergebnis sind besonders g\u00fcnstige Mieten aber sehr viele leer stehende H\u00e4user. Aber ein Besuch lohnt sich in jedem Fall.<\/p>\n<p><a href=\"https:\/\/www.leben-atmen.com\/wp-content\/blogs.dir\/4\/files\/2013\/06\/20130627-182719.jpg\" data-rel=\"lightbox-image-0\" data-rl_title=\"\" data-rl_caption=\"\" title=\"\"><img decoding=\"async\" src=\"https:\/\/www.leben-atmen.com\/wp-content\/blogs.dir\/4\/files\/2013\/06\/20130627-182719.jpg\" alt=\"20130627-182719.jpg\" class=\"alignnone size-full\" \/><\/a><\/p>\n","protected":false},"excerpt":{"rendered":"<p>Naja fast \u2013 Geisterstadt. Ebenso wenig wie in Contigliano ist auch hier kaum m\u00f6glich mit dem Auto in die Stadt zu gelangen. Ergebnis sind besonders g\u00fcnstige Mieten aber sehr viele leer stehende H\u00e4user. Aber ein Besuch lohnt sich in jedem &hellip; <a href=\"https:\/\/www.leben-atmen.com\/palermo\/2013\/06\/27\/geisterstadt-nr-2-stroncone\/\">Weiterlesen <span class=\"meta-nav\">&rarr;<\/span><\/a><\/p>\n","protected":false},"author":3,"featured_media":0,"comment_status":"open","ping_status":"open","sticky":false,"template":"","format":"standard","meta":{"_jetpack_memberships_contains_paid_content":false,"footnotes":""},"categories":[1],"tags":[],"class_list":["post-838","post","type-post","status-publish","format-standard","hentry","category-allgemein"],"jetpack_featured_media_url":"","jetpack_sharing_enabled":true,"_links":{"self":[{"href":"https:\/\/www.leben-atmen.com\/palermo\/wp-json\/wp\/v2\/posts\/838","targetHints":{"allow":["GET"]}}],"collection":[{"href":"https:\/\/www.leben-atmen.com\/palermo\/wp-json\/wp\/v2\/posts"}],"about":[{"href":"https:\/\/www.leben-atmen.com\/palermo\/wp-json\/wp\/v2\/types\/post"}],"author":[{"embeddable":true,"href":"https:\/\/www.leben-atmen.com\/palermo\/wp-json\/wp\/v2\/users\/3"}],"replies":[{"embeddable":true,"href":"https:\/\/www.leben-atmen.com\/palermo\/wp-json\/wp\/v2\/comments?post=838"}],"version-history":[{"count":0,"href":"https:\/\/www.leben-atmen.com\/palermo\/wp-json\/wp\/v2\/posts\/838\/revisions"}],"wp:attachment":[{"href":"https:\/\/www.leben-atmen.com\/palermo\/wp-json\/wp\/v2\/media?parent=838"}],"wp:term":[{"taxonomy":"category","embeddable":true,"href":"https:\/\/www.leben-atmen.com\/palermo\/wp-json\/wp\/v2\/categories?post=838"},{"taxonomy":"post_tag","embeddable":true,"href":"https:\/\/www.leben-atmen.com\/palermo\/wp-json\/wp\/v2\/tags?post=838"}],"curies":[{"name":"wp","href":"https:\/\/api.w.org\/{rel}","templated":true}]}}