{"id":806,"date":"2013-06-26T16:19:32","date_gmt":"2013-06-26T16:19:32","guid":{"rendered":"https:\/\/www.leben-atmen.com\/palermo\/?p=806"},"modified":"2013-06-26T16:22:46","modified_gmt":"2013-06-26T16:22:46","slug":"der-tod-ereilt-uns-alle","status":"publish","type":"post","link":"https:\/\/www.leben-atmen.com\/palermo\/2013\/06\/26\/der-tod-ereilt-uns-alle\/","title":{"rendered":"Der Tod ereilt uns alle"},"content":{"rendered":"<p>&#8222;Heute ich, morgen Du, Du wirst sein, was ich bin, ich war, was Du bist. Denke, Sterblicher, dass dies Dein Ende ist und denke, dies wird bald sein.&#8220;<\/p>\n<p>Dies steht auf einer Tafel, innerhalb des Mumienmuseums in Ferentillo.\u00a0Mich ber\u00fchrt, dass es zu den meisten K\u00f6rpern eine Beschreibung, ja gar eine kurze Vita gibt. Da ist das chinesische Paar auf Hochzeitsreise nach Venedig, und beide fanden in Ferentillo den Tod durch Pest oder Cholera. Die Braut sieht aus, als sei sie sehr traurig, dass sie schon sterben muss. Es ist ihr dieser Gesichtsausdruck geblieben, sie hat noch Z\u00e4hne und Augen, die Haut, alles noch da. Aber ihren langen Haarzopf, den hat irgendjemand gestohlen&#8230;<\/p>\n<p>Auch finde ich \u00e4u\u00dferst interessant, dass der M\u00f6rder seines Opfers selbst ein paar Meter weiter in einer Vitrine ausgestellt ist. Ebenfalls tot, nat\u00fcrlich.<\/p>\n<p>Ja, ob gut oder b\u00f6se, gescheit oder dumm, krank oder gesund, sportlich oder nicht, da m\u00fcssen wir alle hindurch, so sehen wir alle mal aus. Nichts als Staub bleibt von unseren K\u00f6rpern. Vielleicht hinterlassen wir noch Spuren f\u00fcr andere. Ich formuliere f\u00fcr mich, es w\u00e4re sch\u00f6n, wenn ich selbst &#8222;gute&#8220; Spuren hinterlassen w\u00fcrde, das wird aber wahrscheinlich erst nach meinem Tod entschieden, ob sie gut waren und ausgereicht haben, zu bestehen.<\/p>\n<p>Die Mumien fanden hier ihre letzte Ruhe und dienen mit ihren ganz normalen menschlichen Geschichten dazu, dass man sein eigenes, doch furchtbar kurzes Leben nicht mit irgendwelchem Kram sinnlos vergeuden soll, sondern es genie\u00dfen, so viel und so gut es eben die Verh\u00e4ltnisse zulassen. Und sein eigenes Leben leben, so wie es einem selbst gef\u00e4llt. Und zuletzt dankbar und dem\u00fctig zu sein. So bin ich doch ganz froh gewesen, heute wieder den Berg hochradeln zu d\u00fcrfen!<\/p>\n<p><a href=\"https:\/\/www.leben-atmen.com\/wp-content\/blogs.dir\/4\/files\/2013\/06\/tafel.jpg\" data-rel=\"lightbox-image-0\" data-rl_title=\"\" data-rl_caption=\"\" title=\"\"><img decoding=\"async\" class=\"alignnone size-full\" alt=\"\" src=\"https:\/\/www.leben-atmen.com\/wp-content\/blogs.dir\/4\/files\/2013\/06\/tafel.jpg\" \/><\/a><\/p>\n","protected":false},"excerpt":{"rendered":"<p>&#8222;Heute ich, morgen Du, Du wirst sein, was ich bin, ich war, was Du bist. Denke, Sterblicher, dass dies Dein Ende ist und denke, dies wird bald sein.&#8220; Dies steht auf einer Tafel, innerhalb des Mumienmuseums in Ferentillo.\u00a0Mich ber\u00fchrt, dass &hellip; <a href=\"https:\/\/www.leben-atmen.com\/palermo\/2013\/06\/26\/der-tod-ereilt-uns-alle\/\">Weiterlesen <span class=\"meta-nav\">&rarr;<\/span><\/a><\/p>\n","protected":false},"author":2,"featured_media":0,"comment_status":"open","ping_status":"open","sticky":false,"template":"","format":"standard","meta":{"_jetpack_memberships_contains_paid_content":false,"footnotes":""},"categories":[1],"tags":[],"class_list":["post-806","post","type-post","status-publish","format-standard","hentry","category-allgemein"],"jetpack_featured_media_url":"","jetpack_sharing_enabled":true,"_links":{"self":[{"href":"https:\/\/www.leben-atmen.com\/palermo\/wp-json\/wp\/v2\/posts\/806","targetHints":{"allow":["GET"]}}],"collection":[{"href":"https:\/\/www.leben-atmen.com\/palermo\/wp-json\/wp\/v2\/posts"}],"about":[{"href":"https:\/\/www.leben-atmen.com\/palermo\/wp-json\/wp\/v2\/types\/post"}],"author":[{"embeddable":true,"href":"https:\/\/www.leben-atmen.com\/palermo\/wp-json\/wp\/v2\/users\/2"}],"replies":[{"embeddable":true,"href":"https:\/\/www.leben-atmen.com\/palermo\/wp-json\/wp\/v2\/comments?post=806"}],"version-history":[{"count":3,"href":"https:\/\/www.leben-atmen.com\/palermo\/wp-json\/wp\/v2\/posts\/806\/revisions"}],"predecessor-version":[{"id":808,"href":"https:\/\/www.leben-atmen.com\/palermo\/wp-json\/wp\/v2\/posts\/806\/revisions\/808"}],"wp:attachment":[{"href":"https:\/\/www.leben-atmen.com\/palermo\/wp-json\/wp\/v2\/media?parent=806"}],"wp:term":[{"taxonomy":"category","embeddable":true,"href":"https:\/\/www.leben-atmen.com\/palermo\/wp-json\/wp\/v2\/categories?post=806"},{"taxonomy":"post_tag","embeddable":true,"href":"https:\/\/www.leben-atmen.com\/palermo\/wp-json\/wp\/v2\/tags?post=806"}],"curies":[{"name":"wp","href":"https:\/\/api.w.org\/{rel}","templated":true}]}}