{"id":786,"date":"2013-06-25T17:41:46","date_gmt":"2013-06-25T17:41:46","guid":{"rendered":"https:\/\/www.leben-atmen.com\/palermo\/?p=786"},"modified":"2013-06-25T17:41:46","modified_gmt":"2013-06-25T17:41:46","slug":"heute-gings-nicht-gut","status":"publish","type":"post","link":"https:\/\/www.leben-atmen.com\/palermo\/2013\/06\/25\/heute-gings-nicht-gut\/","title":{"rendered":"Heute gings nicht gut"},"content":{"rendered":"<p>Ich hatte einfach keinen Bock zum Radeln. Nicht, dass ich k\u00f6rperlich geschw\u00e4cht bin, nein, es geht mir sehr gut nach dem Ruhetag in Assisi und dem kurzen Weg gestern nach Montefalco. Aber heute fehlte mir die Freude am Radeln, trotz gigantischer Aussichten auf die umbrischen Berge, trotz der leckeren Mittagspasta.<\/p>\n<p>Mein Hintern wollte nicht in diesem elenden Sattel sitzen und meine Beine nicht den Berg hochkurbeln und meine H\u00e4nde nicht bergab bremsen. Ich sah mich heute ewig so fahren, ohne Ende, ohne Sinn oder Hoffnung auf ein baldiges Ziel. Das war total doof. Vielleicht dauert die Radreise schon zulange, aber vielleicht ist es einfach immer wieder die gleiche Bewegung \u2013 radeln radeln radeln&#8230;<\/p>\n<p>Zumal Emanuela etwas von Heimat hat und ich merke, dass ich langfristig doch sesshaft sein muss. Ich vermisse heute irgendwie mein Zuhause, Kontinuit\u00e4t, Komfort, Gleichf\u00f6rmigkeit meiner Umgebung, vielleicht sogar mal ein Auto, in dem ich mich bequem niederlasse, das Gaspedal dr\u00fccke und den Berg hochsause, ohne k\u00f6rperliche Bewegung.<\/p>\n<p>Ich hoffe auf Besserung, vielleicht muss ich jetzt einfach mal ans Meer, Weite sehen, ins Wasser hupfen. Ja, das k\u00f6nnte mich motivieren, morgen wieder auf das Velo zu steigen&#8230;<a href=\"https:\/\/www.leben-atmen.com\/wp-content\/blogs.dir\/4\/files\/2013\/06\/ich-radel-und-radel.jpg\" data-rel=\"lightbox-image-0\" data-rl_title=\"\" data-rl_caption=\"\" title=\"\"><img decoding=\"async\" class=\"alignnone size-full\" alt=\"\" src=\"https:\/\/www.leben-atmen.com\/wp-content\/blogs.dir\/4\/files\/2013\/06\/ich-radel-und-radel.jpg\" \/><\/a><\/p>\n","protected":false},"excerpt":{"rendered":"<p>Ich hatte einfach keinen Bock zum Radeln. Nicht, dass ich k\u00f6rperlich geschw\u00e4cht bin, nein, es geht mir sehr gut nach dem Ruhetag in Assisi und dem kurzen Weg gestern nach Montefalco. Aber heute fehlte mir die Freude am Radeln, trotz &hellip; <a href=\"https:\/\/www.leben-atmen.com\/palermo\/2013\/06\/25\/heute-gings-nicht-gut\/\">Weiterlesen <span class=\"meta-nav\">&rarr;<\/span><\/a><\/p>\n","protected":false},"author":2,"featured_media":0,"comment_status":"open","ping_status":"open","sticky":false,"template":"","format":"standard","meta":{"_jetpack_memberships_contains_paid_content":false,"footnotes":""},"categories":[1],"tags":[],"class_list":["post-786","post","type-post","status-publish","format-standard","hentry","category-allgemein"],"jetpack_featured_media_url":"","jetpack_sharing_enabled":true,"_links":{"self":[{"href":"https:\/\/www.leben-atmen.com\/palermo\/wp-json\/wp\/v2\/posts\/786","targetHints":{"allow":["GET"]}}],"collection":[{"href":"https:\/\/www.leben-atmen.com\/palermo\/wp-json\/wp\/v2\/posts"}],"about":[{"href":"https:\/\/www.leben-atmen.com\/palermo\/wp-json\/wp\/v2\/types\/post"}],"author":[{"embeddable":true,"href":"https:\/\/www.leben-atmen.com\/palermo\/wp-json\/wp\/v2\/users\/2"}],"replies":[{"embeddable":true,"href":"https:\/\/www.leben-atmen.com\/palermo\/wp-json\/wp\/v2\/comments?post=786"}],"version-history":[{"count":2,"href":"https:\/\/www.leben-atmen.com\/palermo\/wp-json\/wp\/v2\/posts\/786\/revisions"}],"predecessor-version":[{"id":789,"href":"https:\/\/www.leben-atmen.com\/palermo\/wp-json\/wp\/v2\/posts\/786\/revisions\/789"}],"wp:attachment":[{"href":"https:\/\/www.leben-atmen.com\/palermo\/wp-json\/wp\/v2\/media?parent=786"}],"wp:term":[{"taxonomy":"category","embeddable":true,"href":"https:\/\/www.leben-atmen.com\/palermo\/wp-json\/wp\/v2\/categories?post=786"},{"taxonomy":"post_tag","embeddable":true,"href":"https:\/\/www.leben-atmen.com\/palermo\/wp-json\/wp\/v2\/tags?post=786"}],"curies":[{"name":"wp","href":"https:\/\/api.w.org\/{rel}","templated":true}]}}