{"id":782,"date":"2013-06-25T16:06:42","date_gmt":"2013-06-25T16:06:42","guid":{"rendered":"https:\/\/www.leben-atmen.com\/palermo\/?p=782"},"modified":"2013-06-25T16:06:42","modified_gmt":"2013-06-25T16:06:42","slug":"ankunft-in-ferentillo","status":"publish","type":"post","link":"https:\/\/www.leben-atmen.com\/palermo\/2013\/06\/25\/ankunft-in-ferentillo\/","title":{"rendered":"Ankunft in Ferentillo"},"content":{"rendered":"<p>Nach einem herrlichen und abwechslungsreichen Radtag sind wir nun in Ferentillo angekommen. Es sieht ein bisschen aus, als ob wir in den Alpen unterwegs w\u00e4ren.<br \/>\nHeute hatten wir wirklich alles: Erst ein sehr flaches St\u00fcck von MonteFalco bis Spoleto dann hinauf auf 750 H\u00f6henmeter bei einer Distanz von 9 km und anschlie\u00dfend eine wundersch\u00f6ne Abfahrt bis hinein an den Zielort.<\/p>\n<p><a href=\"https:\/\/www.leben-atmen.com\/wp-content\/blogs.dir\/4\/files\/2013\/06\/20130625-180626.jpg\" data-rel=\"lightbox-image-0\" data-rl_title=\"\" data-rl_caption=\"\" title=\"\"><img decoding=\"async\" src=\"https:\/\/www.leben-atmen.com\/wp-content\/blogs.dir\/4\/files\/2013\/06\/20130625-180626.jpg\" alt=\"20130625-180626.jpg\" class=\"alignnone size-full\" \/><\/a><\/p>\n","protected":false},"excerpt":{"rendered":"<p>Nach einem herrlichen und abwechslungsreichen Radtag sind wir nun in Ferentillo angekommen. Es sieht ein bisschen aus, als ob wir in den Alpen unterwegs w\u00e4ren. Heute hatten wir wirklich alles: Erst ein sehr flaches St\u00fcck von MonteFalco bis Spoleto dann &hellip; <a href=\"https:\/\/www.leben-atmen.com\/palermo\/2013\/06\/25\/ankunft-in-ferentillo\/\">Weiterlesen <span class=\"meta-nav\">&rarr;<\/span><\/a><\/p>\n","protected":false},"author":3,"featured_media":0,"comment_status":"open","ping_status":"open","sticky":false,"template":"","format":"standard","meta":{"_jetpack_memberships_contains_paid_content":false,"footnotes":""},"categories":[1],"tags":[],"class_list":["post-782","post","type-post","status-publish","format-standard","hentry","category-allgemein"],"jetpack_featured_media_url":"","jetpack_sharing_enabled":true,"_links":{"self":[{"href":"https:\/\/www.leben-atmen.com\/palermo\/wp-json\/wp\/v2\/posts\/782","targetHints":{"allow":["GET"]}}],"collection":[{"href":"https:\/\/www.leben-atmen.com\/palermo\/wp-json\/wp\/v2\/posts"}],"about":[{"href":"https:\/\/www.leben-atmen.com\/palermo\/wp-json\/wp\/v2\/types\/post"}],"author":[{"embeddable":true,"href":"https:\/\/www.leben-atmen.com\/palermo\/wp-json\/wp\/v2\/users\/3"}],"replies":[{"embeddable":true,"href":"https:\/\/www.leben-atmen.com\/palermo\/wp-json\/wp\/v2\/comments?post=782"}],"version-history":[{"count":0,"href":"https:\/\/www.leben-atmen.com\/palermo\/wp-json\/wp\/v2\/posts\/782\/revisions"}],"wp:attachment":[{"href":"https:\/\/www.leben-atmen.com\/palermo\/wp-json\/wp\/v2\/media?parent=782"}],"wp:term":[{"taxonomy":"category","embeddable":true,"href":"https:\/\/www.leben-atmen.com\/palermo\/wp-json\/wp\/v2\/categories?post=782"},{"taxonomy":"post_tag","embeddable":true,"href":"https:\/\/www.leben-atmen.com\/palermo\/wp-json\/wp\/v2\/tags?post=782"}],"curies":[{"name":"wp","href":"https:\/\/api.w.org\/{rel}","templated":true}]}}