{"id":764,"date":"2013-06-25T05:47:27","date_gmt":"2013-06-25T05:47:27","guid":{"rendered":"https:\/\/www.leben-atmen.com\/palermo\/?p=764"},"modified":"2013-06-25T05:47:27","modified_gmt":"2013-06-25T05:47:27","slug":"montefalco-balkon-von-umbrien","status":"publish","type":"post","link":"https:\/\/www.leben-atmen.com\/palermo\/2013\/06\/25\/montefalco-balkon-von-umbrien\/","title":{"rendered":"Montefalco, Balkon von Umbrien"},"content":{"rendered":"<p>Mit diesem Spruch von Hesse, der das einmal gesagt haben soll, weil man weit \u00fcber die Ebene sehen kann, w\u00fcnsche ich einen wunderbaren Guten Morgen. Warum hat er das gesagt? Weil die St\u00e4dte Perugia, Assisi, Spello Foligno, Spoleto hier einem zu F\u00fc\u00dfen liegen. Das Bild zeigt die andere Seite von unserem Zimmer aus und wenn man hoch genug ist, hat man 360 Grad Rundumblick \u00fcber die Landschaft.<\/p>\n<p><a href=\"https:\/\/www.leben-atmen.com\/wp-content\/blogs.dir\/4\/files\/2013\/06\/20130625-074719.jpg\" data-rel=\"lightbox-image-0\" data-rl_title=\"\" data-rl_caption=\"\" title=\"\"><img decoding=\"async\" src=\"https:\/\/www.leben-atmen.com\/wp-content\/blogs.dir\/4\/files\/2013\/06\/20130625-074719.jpg\" alt=\"20130625-074719.jpg\" class=\"alignnone size-full\" \/><\/a><\/p>\n","protected":false},"excerpt":{"rendered":"<p>Mit diesem Spruch von Hesse, der das einmal gesagt haben soll, weil man weit \u00fcber die Ebene sehen kann, w\u00fcnsche ich einen wunderbaren Guten Morgen. Warum hat er das gesagt? Weil die St\u00e4dte Perugia, Assisi, Spello Foligno, Spoleto hier einem &hellip; <a href=\"https:\/\/www.leben-atmen.com\/palermo\/2013\/06\/25\/montefalco-balkon-von-umbrien\/\">Weiterlesen <span class=\"meta-nav\">&rarr;<\/span><\/a><\/p>\n","protected":false},"author":2,"featured_media":0,"comment_status":"open","ping_status":"open","sticky":false,"template":"","format":"standard","meta":{"_jetpack_memberships_contains_paid_content":false,"footnotes":""},"categories":[1],"tags":[],"class_list":["post-764","post","type-post","status-publish","format-standard","hentry","category-allgemein"],"jetpack_featured_media_url":"","jetpack_sharing_enabled":true,"_links":{"self":[{"href":"https:\/\/www.leben-atmen.com\/palermo\/wp-json\/wp\/v2\/posts\/764","targetHints":{"allow":["GET"]}}],"collection":[{"href":"https:\/\/www.leben-atmen.com\/palermo\/wp-json\/wp\/v2\/posts"}],"about":[{"href":"https:\/\/www.leben-atmen.com\/palermo\/wp-json\/wp\/v2\/types\/post"}],"author":[{"embeddable":true,"href":"https:\/\/www.leben-atmen.com\/palermo\/wp-json\/wp\/v2\/users\/2"}],"replies":[{"embeddable":true,"href":"https:\/\/www.leben-atmen.com\/palermo\/wp-json\/wp\/v2\/comments?post=764"}],"version-history":[{"count":0,"href":"https:\/\/www.leben-atmen.com\/palermo\/wp-json\/wp\/v2\/posts\/764\/revisions"}],"wp:attachment":[{"href":"https:\/\/www.leben-atmen.com\/palermo\/wp-json\/wp\/v2\/media?parent=764"}],"wp:term":[{"taxonomy":"category","embeddable":true,"href":"https:\/\/www.leben-atmen.com\/palermo\/wp-json\/wp\/v2\/categories?post=764"},{"taxonomy":"post_tag","embeddable":true,"href":"https:\/\/www.leben-atmen.com\/palermo\/wp-json\/wp\/v2\/tags?post=764"}],"curies":[{"name":"wp","href":"https:\/\/api.w.org\/{rel}","templated":true}]}}