{"id":760,"date":"2013-06-24T16:53:39","date_gmt":"2013-06-24T16:53:39","guid":{"rendered":"https:\/\/www.leben-atmen.com\/palermo\/?p=760"},"modified":"2013-06-24T16:53:39","modified_gmt":"2013-06-24T16:53:39","slug":"montefalco-weinland-st-chiara-und-hesse","status":"publish","type":"post","link":"https:\/\/www.leben-atmen.com\/palermo\/2013\/06\/24\/montefalco-weinland-st-chiara-und-hesse\/","title":{"rendered":"Montefalco &#8211; Weinland, St. Chiara und Hesse"},"content":{"rendered":"<p>Der Regen hat uns nicht nach Spoleto weiterfahren lassen. So trug es sich zu, dass wir Emanuelas B&amp;B in Montefalco ansteuerten. Ich liebe diese Frau, sie ist quirlig und lebensfroh, wird sie doch bald 68. Sie scherzt immer noch, dass wir sie 2008 in unserem Roman &#8222;Leben atmen&#8220; auf &#8222;Anfang 50&#8220; gesch\u00e4tzt hatten. Aber es stimmt! Sie sieht nicht nur gut aus, sie hat das Temperament einer jungen Signora.<br \/>\nSie ist erbost, weil sie seit ein paar Tagen einen Starkoch f\u00fcr ihr Ristorante gewinnen konnte, er hat so etwas wie den Michelin Stern, aber in italienischer Kategorie. Er kocht wohl auch im Fernsehen und heute, am Montag, ist er just in Rom f\u00fcr Dreharbeiten und das Restaurant hat Ruhetag. Und wir k\u00f6nnen nicht bleiben! Was f\u00fcr ein Jammer. Das ist vielleicht wirklich \u00e4rgerlich, aber wir m\u00fcssen ja mal in Palermo ankommen.<br \/>\nNebenan bei dem B&amp;B ist die Kirche Illuminata zu bewundern, deren besonderes Licht bei Abendsonne ihr den Namen gegeben hat. Hier hat auch Hermann Hesse gesessen, vermutlich den tollen Montefalco-Wein genossen und sich von dem \u00d6rtchen inspirieren lassen, als er 1907 hier zum ersten Mal war.<br \/>\nF\u00fcr mich als Weinliebhaber ist das nicht der schlechteste Ort, bei Regen zu &#8222;stranden&#8220;!<\/p>\n<p><a href=\"https:\/\/www.leben-atmen.com\/wp-content\/blogs.dir\/4\/files\/2013\/06\/montefalco-stadtplatz.jpg\" data-rel=\"lightbox-image-0\" data-rl_title=\"\" data-rl_caption=\"\" title=\"\"><img decoding=\"async\" class=\"alignnone size-full\" alt=\"\" src=\"https:\/\/www.leben-atmen.com\/wp-content\/blogs.dir\/4\/files\/2013\/06\/montefalco-stadtplatz.jpg\" \/><\/a><\/p>\n","protected":false},"excerpt":{"rendered":"<p>Der Regen hat uns nicht nach Spoleto weiterfahren lassen. So trug es sich zu, dass wir Emanuelas B&amp;B in Montefalco ansteuerten. Ich liebe diese Frau, sie ist quirlig und lebensfroh, wird sie doch bald 68. Sie scherzt immer noch, dass &hellip; <a href=\"https:\/\/www.leben-atmen.com\/palermo\/2013\/06\/24\/montefalco-weinland-st-chiara-und-hesse\/\">Weiterlesen <span class=\"meta-nav\">&rarr;<\/span><\/a><\/p>\n","protected":false},"author":3,"featured_media":0,"comment_status":"open","ping_status":"open","sticky":false,"template":"","format":"standard","meta":{"_jetpack_memberships_contains_paid_content":false,"footnotes":""},"categories":[1],"tags":[],"class_list":["post-760","post","type-post","status-publish","format-standard","hentry","category-allgemein"],"jetpack_featured_media_url":"","jetpack_sharing_enabled":true,"_links":{"self":[{"href":"https:\/\/www.leben-atmen.com\/palermo\/wp-json\/wp\/v2\/posts\/760","targetHints":{"allow":["GET"]}}],"collection":[{"href":"https:\/\/www.leben-atmen.com\/palermo\/wp-json\/wp\/v2\/posts"}],"about":[{"href":"https:\/\/www.leben-atmen.com\/palermo\/wp-json\/wp\/v2\/types\/post"}],"author":[{"embeddable":true,"href":"https:\/\/www.leben-atmen.com\/palermo\/wp-json\/wp\/v2\/users\/3"}],"replies":[{"embeddable":true,"href":"https:\/\/www.leben-atmen.com\/palermo\/wp-json\/wp\/v2\/comments?post=760"}],"version-history":[{"count":1,"href":"https:\/\/www.leben-atmen.com\/palermo\/wp-json\/wp\/v2\/posts\/760\/revisions"}],"predecessor-version":[{"id":762,"href":"https:\/\/www.leben-atmen.com\/palermo\/wp-json\/wp\/v2\/posts\/760\/revisions\/762"}],"wp:attachment":[{"href":"https:\/\/www.leben-atmen.com\/palermo\/wp-json\/wp\/v2\/media?parent=760"}],"wp:term":[{"taxonomy":"category","embeddable":true,"href":"https:\/\/www.leben-atmen.com\/palermo\/wp-json\/wp\/v2\/categories?post=760"},{"taxonomy":"post_tag","embeddable":true,"href":"https:\/\/www.leben-atmen.com\/palermo\/wp-json\/wp\/v2\/tags?post=760"}],"curies":[{"name":"wp","href":"https:\/\/api.w.org\/{rel}","templated":true}]}}