{"id":756,"date":"2013-06-24T16:35:56","date_gmt":"2013-06-24T16:35:56","guid":{"rendered":"https:\/\/www.leben-atmen.com\/palermo\/?p=756"},"modified":"2013-06-24T16:35:56","modified_gmt":"2013-06-24T16:35:56","slug":"abschied-ist-ein-bisschen-wie-sterben","status":"publish","type":"post","link":"https:\/\/www.leben-atmen.com\/palermo\/2013\/06\/24\/abschied-ist-ein-bisschen-wie-sterben\/","title":{"rendered":"Abschied ist ein bisschen wie Sterben&#8230;"},"content":{"rendered":"<p>&#8230; Abschied hei\u00dft, was Neues kommt! Abschied hei\u00dft &#8222;Hallo&#8220;!<\/p>\n<p>Diese beiden S\u00e4tze treffen auf Toni bzw. mich zu, wenn es um Abschied geht. Toni tut sich schon sehr schwer, wenn er etwas loslassen muss, eine Stadt verlassen, den Urlaubsort, Menschen verabschieden. Das stimmt ihn tats\u00e4chlich traurig. Und manchmal bei\u00dft er sich in diesen Augenblick fest und bleibt sehr lange traurig und vers\u00e4umt vielleicht den n\u00e4chsten guten. Bei mir ist es etwas anders. Zwar bin ich ebenfalls traurig, wenn mein Leben anders wird, aber ich denke mir, das Leben, die Augenblicke gehen ja weiter, wer wei\u00df, vielleicht wartet ein noch besserer, ein anderer Augenblick auf mich, der Neues bringt. So zitieren wir uns, seit wir uns kennen, wenn es um Verabschiedung geht, immer mit diesen ber\u00fchmten Ausschnitten aus den diversen Liedern.<\/p>\n<p>(&#8222;Abschied ist ein bisschen wie Sterben&#8220; Katja Ebstein)<\/p>\n<p>(&#8222;Abschied hei\u00dft, was Neues kommt, Abschied hei\u00dft Hallo!&#8220; Aus dem Musical &#8222;Der kleine Tag&#8220;)<\/p>\n<p><a href=\"https:\/\/www.leben-atmen.com\/wp-content\/blogs.dir\/4\/files\/2013\/06\/Bruder-Thomas-sagt-Ciao.jpg\" data-rel=\"lightbox-image-0\" data-rl_title=\"\" data-rl_caption=\"\" title=\"\"><img decoding=\"async\" class=\"alignnone size-full\" alt=\"\" src=\"https:\/\/www.leben-atmen.com\/wp-content\/blogs.dir\/4\/files\/2013\/06\/Bruder-Thomas-sagt-Ciao.jpg\" \/><\/a> <a href=\"https:\/\/www.leben-atmen.com\/wp-content\/blogs.dir\/4\/files\/2013\/06\/Emanuela-und-G\u00e4ste.jpg\" data-rel=\"lightbox-image-1\" data-rl_title=\"\" data-rl_caption=\"\" title=\"\"><img decoding=\"async\" class=\"alignnone size-full\" alt=\"\" src=\"https:\/\/www.leben-atmen.com\/wp-content\/blogs.dir\/4\/files\/2013\/06\/Emanuela-und-G\u00e4ste.jpg\" \/><\/a><\/p>\n","protected":false},"excerpt":{"rendered":"<p>&#8230; Abschied hei\u00dft, was Neues kommt! Abschied hei\u00dft &#8222;Hallo&#8220;! Diese beiden S\u00e4tze treffen auf Toni bzw. mich zu, wenn es um Abschied geht. Toni tut sich schon sehr schwer, wenn er etwas loslassen muss, eine Stadt verlassen, den Urlaubsort, Menschen &hellip; <a href=\"https:\/\/www.leben-atmen.com\/palermo\/2013\/06\/24\/abschied-ist-ein-bisschen-wie-sterben\/\">Weiterlesen <span class=\"meta-nav\">&rarr;<\/span><\/a><\/p>\n","protected":false},"author":2,"featured_media":0,"comment_status":"open","ping_status":"open","sticky":false,"template":"","format":"standard","meta":{"_jetpack_memberships_contains_paid_content":false,"footnotes":""},"categories":[1],"tags":[],"class_list":["post-756","post","type-post","status-publish","format-standard","hentry","category-allgemein"],"jetpack_featured_media_url":"","jetpack_sharing_enabled":true,"_links":{"self":[{"href":"https:\/\/www.leben-atmen.com\/palermo\/wp-json\/wp\/v2\/posts\/756","targetHints":{"allow":["GET"]}}],"collection":[{"href":"https:\/\/www.leben-atmen.com\/palermo\/wp-json\/wp\/v2\/posts"}],"about":[{"href":"https:\/\/www.leben-atmen.com\/palermo\/wp-json\/wp\/v2\/types\/post"}],"author":[{"embeddable":true,"href":"https:\/\/www.leben-atmen.com\/palermo\/wp-json\/wp\/v2\/users\/2"}],"replies":[{"embeddable":true,"href":"https:\/\/www.leben-atmen.com\/palermo\/wp-json\/wp\/v2\/comments?post=756"}],"version-history":[{"count":1,"href":"https:\/\/www.leben-atmen.com\/palermo\/wp-json\/wp\/v2\/posts\/756\/revisions"}],"predecessor-version":[{"id":759,"href":"https:\/\/www.leben-atmen.com\/palermo\/wp-json\/wp\/v2\/posts\/756\/revisions\/759"}],"wp:attachment":[{"href":"https:\/\/www.leben-atmen.com\/palermo\/wp-json\/wp\/v2\/media?parent=756"}],"wp:term":[{"taxonomy":"category","embeddable":true,"href":"https:\/\/www.leben-atmen.com\/palermo\/wp-json\/wp\/v2\/categories?post=756"},{"taxonomy":"post_tag","embeddable":true,"href":"https:\/\/www.leben-atmen.com\/palermo\/wp-json\/wp\/v2\/tags?post=756"}],"curies":[{"name":"wp","href":"https:\/\/api.w.org\/{rel}","templated":true}]}}