{"id":734,"date":"2013-06-23T21:16:54","date_gmt":"2013-06-23T21:16:54","guid":{"rendered":"https:\/\/www.leben-atmen.com\/palermo\/?p=734"},"modified":"2013-06-23T21:16:54","modified_gmt":"2013-06-23T21:16:54","slug":"assisi-bruder-thomas-und-franziskus","status":"publish","type":"post","link":"https:\/\/www.leben-atmen.com\/palermo\/2013\/06\/23\/assisi-bruder-thomas-und-franziskus\/","title":{"rendered":"Assisi = Bruder Thomas und Franziskus"},"content":{"rendered":"<p>Nun, haben wir den ganzen Tag in dieser unglaublichen Stadt verbracht. Zweifellos ein Highlight ist, Bruder Thomas Freidel, dem deutschsprachigen Seelsorger und Verantwortlichen f\u00fcr die Kunstf\u00fchrungen in der Basilika, zu lauschen. Er hat mir schon so viel \u00fcber das Leben, die Bedeutung von Religion, Unendlichkeit, Wahlfreiheit des Menschen gelehrt, wie es noch niemand getan hat. Die Art, wie er mich (und nat\u00fcrlcih alle, die ihm lauschen) in seinen Bann zieht, sucht seinesgleichen.<\/p>\n<p>Aber von vorne. Seine F\u00fchrung beginnt in der Unterkirche bei einem fr\u00fchen Fresko des Franziskus, wie er die Tauben f\u00fcttert. Man sieht, dass er sie f\u00fcttert. Aber es deutet auf die Sch\u00f6pfung hin. Die Sch\u00f6pfung allen Lebens. In der Oberkirche sieht man ein Fresko von Adam und Eva, wie sie in Eintracht mit Gott leben. Aber die Vertreibung aus dem Paradies folgt. Dies interpretiert Bruder Thomas, dass der Mensch sich entschieden hat (oder immer entscheiden kann), ohne Gott zu leben.<\/p>\n<p>Darum ist diese Sehnsucht in uns, die jeder sp\u00fcrt und die sich in unterschiedlichster Weise und individuell ausdr\u00fcckt. Im Prinzip sei es die Sehnsucht nach Gott. (F\u00fcr mich eine der plausibelsten Erkl\u00e4rungen f\u00fcr die ungestillte Sehnsucht in mir, denn nichts, was ich bis jetzt &#8211; materiell &#8211; erlebt habe, konnte sie zum Stillstand bringen..)<\/p>\n<p>Franziskus wird als St\u00fctze und Erneuerung der Kirche dargestellt. Vielleicht, und das ist jetzt meine Interpretation, brauchte die Kirche damals dringend eine Erinnerung an den Ursprung ihres Sinnes, denn P\u00e4pste und der Kirchenstaat hatten sicher durch ihre unermesslichen Reicht\u00fcmer (zu sehen in Rom) den Blick f\u00fcr die Menschheit und Menschlichkeit mehr oder minder aus dem Auge verloren. Franziskus hat sie ein St\u00fcck dorthin zur\u00fcckgef\u00fchrt, aufger\u00fcttelt, ja, beeindruckt.<\/p>\n<p>Ich ma\u00dfe mir nat\u00fcrlich nicht an, es zu wissen. Es ist meine Auffassung der Dinge, in aller K\u00fcrze dargestellt. Allerdings beeindruckt es mich immer wieder, wie stark Franz von Assisi gewirkt haben muss, dass Assisi das ist, was es heute ist. Besonders ber\u00fchrend ist es, dass eine riesige Kirche \u00fcber die kleine Kapelle gebaut wurde, in der Franz von Assisi starb und drumherum eine eigene Infrastruktur entstand.<\/p>\n<p>Ein Kommentator meinte, man m\u00fcsse Assisi als Gesamtes betrachten. Ja, das ist richtig. Aber dar\u00fcber hinaus muss man auch die Botschaft verstehen lernen, die dieser Heilige tr\u00e4gt. Das kann man nicht nur in einem Assisi-Besuch erfahren. Man muss raus in die Natur, Schwester Sonne und Bruder Regen sp\u00fcren und den Bruder Wind lieben. Und mit der Natur und den Menschen im Einklang zu leben versuchen.<\/p>\n<p>Zu dem Wunsch, der Nachfrage, was nach dem gro\u00dfen Erdbeben mit den Fresken etc. passiert ist: Es sei nicht alles zerst\u00f6rt worden, wie die Medien es immer darszutellen versuchen. Es ist ein Fresko von Matth\u00e4us und eines Giotto (war nur eine blaue Partie) zerst\u00f6rt worden. Durch die neue Technik, alles aufzuklauben und in m\u00fchevoller Kleinarbeit durch ein spezielles Verfahren, wieder zu rekonstruieren, konnte Matth\u00e4us zu 20% wiederhergestellt werden. Der Rest ist grau(ist aber erstaunlich wenig grau). Das blaue Fresko wurde einfach wieder blau gestrichen. Der komplett zerst\u00f6rte Altar (er wurde durch den Gew\u00f6lbeeinsturz plattgedr\u00fcckt) wurde nach Ravenna in ein spezielles Institut f\u00fcr Mosaik gebracht und komplett rekonstruiert.<\/p>\n<p>Ansonsten werden generell besch\u00e4digte Fresken nach dieser Methode repariert und nur im \u00e4u\u00dfersten Notfall mit spezeiellen Aquarellfarben erg\u00e4nzt.<\/p>\n<p>Das beste Eis, Geli, gibt es in Assisi auf der Piazza, und der sch\u00f6nste Mann auf Erden, hat mich heute vor 12 Jahren geheiratet.<\/p>\n<p>Hotel\u00fcbernachtung kann ich morgen als Kommentar hinterlassen. Wir m\u00f6chten auf unserer Reise wenigstens Abends unsere Privatsph\u00e4re sch\u00fctzen.<\/p>\n<p>Das wars von Assisi, morgen geht es weiter ins Weinland Montefalco.<\/p>\n<p>(P.S. In der Basilika ist striktes Fotografierverbot. Die Bilder entstanden auf der Galerie im Kloster)<\/p>\n<p><a href=\"https:\/\/www.leben-atmen.com\/wp-content\/blogs.dir\/4\/files\/2013\/06\/IMG_7214.jpg\" data-rel=\"lightbox-image-0\" data-rl_title=\"\" data-rl_caption=\"\" title=\"\"><img decoding=\"async\" class=\"alignnone size-full\" alt=\"\" src=\"https:\/\/www.leben-atmen.com\/wp-content\/blogs.dir\/4\/files\/2013\/06\/IMG_7214.jpg\" \/><\/a> <a href=\"https:\/\/www.leben-atmen.com\/wp-content\/blogs.dir\/4\/files\/2013\/06\/IMG_7217.jpg\" data-rel=\"lightbox-image-1\" data-rl_title=\"\" data-rl_caption=\"\" title=\"\"><img decoding=\"async\" class=\"alignnone size-full\" alt=\"\" src=\"https:\/\/www.leben-atmen.com\/wp-content\/blogs.dir\/4\/files\/2013\/06\/IMG_7217.jpg\" \/><\/a> <a href=\"https:\/\/www.leben-atmen.com\/wp-content\/blogs.dir\/4\/files\/2013\/06\/IMG_7218.jpg\" data-rel=\"lightbox-image-2\" data-rl_title=\"\" data-rl_caption=\"\" title=\"\"><img decoding=\"async\" class=\"alignnone size-full\" alt=\"\" src=\"https:\/\/www.leben-atmen.com\/wp-content\/blogs.dir\/4\/files\/2013\/06\/IMG_7218.jpg\" \/><\/a><\/p>\n","protected":false},"excerpt":{"rendered":"<p>Nun, haben wir den ganzen Tag in dieser unglaublichen Stadt verbracht. Zweifellos ein Highlight ist, Bruder Thomas Freidel, dem deutschsprachigen Seelsorger und Verantwortlichen f\u00fcr die Kunstf\u00fchrungen in der Basilika, zu lauschen. Er hat mir schon so viel \u00fcber das Leben, &hellip; <a href=\"https:\/\/www.leben-atmen.com\/palermo\/2013\/06\/23\/assisi-bruder-thomas-und-franziskus\/\">Weiterlesen <span class=\"meta-nav\">&rarr;<\/span><\/a><\/p>\n","protected":false},"author":2,"featured_media":0,"comment_status":"open","ping_status":"open","sticky":false,"template":"","format":"standard","meta":{"_jetpack_memberships_contains_paid_content":false,"footnotes":""},"categories":[1],"tags":[],"class_list":["post-734","post","type-post","status-publish","format-standard","hentry","category-allgemein"],"jetpack_featured_media_url":"","jetpack_sharing_enabled":true,"_links":{"self":[{"href":"https:\/\/www.leben-atmen.com\/palermo\/wp-json\/wp\/v2\/posts\/734","targetHints":{"allow":["GET"]}}],"collection":[{"href":"https:\/\/www.leben-atmen.com\/palermo\/wp-json\/wp\/v2\/posts"}],"about":[{"href":"https:\/\/www.leben-atmen.com\/palermo\/wp-json\/wp\/v2\/types\/post"}],"author":[{"embeddable":true,"href":"https:\/\/www.leben-atmen.com\/palermo\/wp-json\/wp\/v2\/users\/2"}],"replies":[{"embeddable":true,"href":"https:\/\/www.leben-atmen.com\/palermo\/wp-json\/wp\/v2\/comments?post=734"}],"version-history":[{"count":2,"href":"https:\/\/www.leben-atmen.com\/palermo\/wp-json\/wp\/v2\/posts\/734\/revisions"}],"predecessor-version":[{"id":738,"href":"https:\/\/www.leben-atmen.com\/palermo\/wp-json\/wp\/v2\/posts\/734\/revisions\/738"}],"wp:attachment":[{"href":"https:\/\/www.leben-atmen.com\/palermo\/wp-json\/wp\/v2\/media?parent=734"}],"wp:term":[{"taxonomy":"category","embeddable":true,"href":"https:\/\/www.leben-atmen.com\/palermo\/wp-json\/wp\/v2\/categories?post=734"},{"taxonomy":"post_tag","embeddable":true,"href":"https:\/\/www.leben-atmen.com\/palermo\/wp-json\/wp\/v2\/tags?post=734"}],"curies":[{"name":"wp","href":"https:\/\/api.w.org\/{rel}","templated":true}]}}