{"id":722,"date":"2013-06-22T16:49:02","date_gmt":"2013-06-22T16:49:02","guid":{"rendered":"https:\/\/www.leben-atmen.com\/palermo\/?p=722"},"modified":"2013-06-22T16:49:02","modified_gmt":"2013-06-22T16:49:02","slug":"die-natur-richtet-manches-wieder","status":"publish","type":"post","link":"https:\/\/www.leben-atmen.com\/palermo\/2013\/06\/22\/die-natur-richtet-manches-wieder\/","title":{"rendered":"Die Natur richtet (manches) wieder"},"content":{"rendered":"<p>Habe ich mir doch am Anfang unserer Reise Gedanken \u00fcber das gemacht, dass die Zivilisation an allen Ecken und Enden f\u00fcr mich sp\u00fcrbar ist. Nichts scheint nat\u00fcrlich. Heute sind wir eine kilometerlange einsame Stra\u00dfe gefahren, die wohl mal eine Hauptstra\u00dfe war, jetzt jedoch f\u00fcr Autos total gesperrt ist. Eine neue Stra\u00dfe wurde andersherum um den Berg gebaut.<\/p>\n<p>Die Leitplanken sind mit Ginster \u00fcberwuchert, ja der ist Teer aufgeplatzt, es wachsen Blumen heraus. Die B\u00fcsche ragen zunehmend in die Stra\u00dfe hinein und mancherorts ist sie schon nur noch halb zu sehen.<\/p>\n<p>Das beruhigt mich doch sehr. Denn in ein paar hundert Jahren wird diese einst viel befahrene Teerstra\u00dfe nicht mehr sein, nicht mehr sichtbar sein. So wie es mit vielen Dingen vergangener Zivilisationen gegangen ist. Es weht der Bruder Wind die Mutter Erde auf die Stra\u00dfe, Samen werden eingestreut und Bruder Regen gie\u00dft. Schwester Sonne scheint darauf und die Natur hat es wieder heil gemacht.<\/p>\n<p>Das bedeutet f\u00fcr mich, sobald der Mensch es sein l\u00e4sst, etwas zu kultivieren, zu pflegen, so richtet es die Natur. Und das ist sch\u00f6n, finde ich.<\/p>\n<p><a href=\"https:\/\/www.leben-atmen.com\/wp-content\/blogs.dir\/4\/files\/2013\/06\/natur-strasse.jpg\" data-rel=\"lightbox-image-0\" data-rl_title=\"\" data-rl_caption=\"\" title=\"\"><img decoding=\"async\" class=\"alignnone size-full\" alt=\"\" src=\"https:\/\/www.leben-atmen.com\/wp-content\/blogs.dir\/4\/files\/2013\/06\/natur-strasse.jpg\" \/><\/a><\/p>\n","protected":false},"excerpt":{"rendered":"<p>Habe ich mir doch am Anfang unserer Reise Gedanken \u00fcber das gemacht, dass die Zivilisation an allen Ecken und Enden f\u00fcr mich sp\u00fcrbar ist. Nichts scheint nat\u00fcrlich. Heute sind wir eine kilometerlange einsame Stra\u00dfe gefahren, die wohl mal eine Hauptstra\u00dfe &hellip; <a href=\"https:\/\/www.leben-atmen.com\/palermo\/2013\/06\/22\/die-natur-richtet-manches-wieder\/\">Weiterlesen <span class=\"meta-nav\">&rarr;<\/span><\/a><\/p>\n","protected":false},"author":2,"featured_media":0,"comment_status":"open","ping_status":"open","sticky":false,"template":"","format":"standard","meta":{"_jetpack_memberships_contains_paid_content":false,"footnotes":""},"categories":[1],"tags":[],"class_list":["post-722","post","type-post","status-publish","format-standard","hentry","category-allgemein"],"jetpack_featured_media_url":"","jetpack_sharing_enabled":true,"_links":{"self":[{"href":"https:\/\/www.leben-atmen.com\/palermo\/wp-json\/wp\/v2\/posts\/722","targetHints":{"allow":["GET"]}}],"collection":[{"href":"https:\/\/www.leben-atmen.com\/palermo\/wp-json\/wp\/v2\/posts"}],"about":[{"href":"https:\/\/www.leben-atmen.com\/palermo\/wp-json\/wp\/v2\/types\/post"}],"author":[{"embeddable":true,"href":"https:\/\/www.leben-atmen.com\/palermo\/wp-json\/wp\/v2\/users\/2"}],"replies":[{"embeddable":true,"href":"https:\/\/www.leben-atmen.com\/palermo\/wp-json\/wp\/v2\/comments?post=722"}],"version-history":[{"count":1,"href":"https:\/\/www.leben-atmen.com\/palermo\/wp-json\/wp\/v2\/posts\/722\/revisions"}],"predecessor-version":[{"id":724,"href":"https:\/\/www.leben-atmen.com\/palermo\/wp-json\/wp\/v2\/posts\/722\/revisions\/724"}],"wp:attachment":[{"href":"https:\/\/www.leben-atmen.com\/palermo\/wp-json\/wp\/v2\/media?parent=722"}],"wp:term":[{"taxonomy":"category","embeddable":true,"href":"https:\/\/www.leben-atmen.com\/palermo\/wp-json\/wp\/v2\/categories?post=722"},{"taxonomy":"post_tag","embeddable":true,"href":"https:\/\/www.leben-atmen.com\/palermo\/wp-json\/wp\/v2\/tags?post=722"}],"curies":[{"name":"wp","href":"https:\/\/api.w.org\/{rel}","templated":true}]}}