{"id":681,"date":"2013-06-20T22:05:39","date_gmt":"2013-06-20T22:05:39","guid":{"rendered":"https:\/\/www.leben-atmen.com\/palermo\/?p=681"},"modified":"2013-06-20T22:05:39","modified_gmt":"2013-06-20T22:05:39","slug":"2-versteigerung-ein-rad-fur-ralf-apfeltasche-franziskusweg","status":"publish","type":"post","link":"https:\/\/www.leben-atmen.com\/palermo\/2013\/06\/20\/2-versteigerung-ein-rad-fur-ralf-apfeltasche-franziskusweg\/","title":{"rendered":"2. Versteigerung &#8222;Ein Rad f\u00fcr Ralf&#8220; &#8211; Apfeltasche Franziskusweg"},"content":{"rendered":"<p>Da wir uns jetzt auf dem Franziskusweg befinden, ist es an der Zeit, unsere zweite Versteigerung einzul\u00e4uten. Der amac-buch Verlag stiftet einen Preis im Wert von \u00fcber 50 Euro. Unsere Apfeltasche von &#8222;Das Goldene Taxi&#8220; ist bef\u00fcllt mit einem Pilgerpass, dem Franziskusweg-Wegef\u00fchrer und dem Roman &#8222;Leben atmen&#8220;.<\/p>\n<p>Der Startpreis ist \u20ac 5,-. Die Bieter m\u00fcssen mindestens einen Euro \u00fcber den aktuell gebotenen Preis bieten.<\/p>\n<p>Der H\u00f6chstbietende bezahlt den Betrag auf das Spendenkonto<\/p>\n<p>Raiffeisenbank Aindling,\u00a0BLZ 72069005,\u00a0Kto.-Nr. 1 000 429 945<\/p>\n<p>ein und sendet eine E-Mail mit seinen Kontaktdaten an info@amac-buch.de, damit wir den Beutel mit Inhalt zusenden k\u00f6nnen.<\/p>\n<p>Wir wollten die Idee eines Kommentatoren aufgreifen, dass jeder Bieter die Erh\u00f6hung, die er bietet, auch spendet. (z.B. Sie bieten 5 Euro, werden \u00fcberboten, spenden Sie die 5 Euro) Dies ist aber freiwillig, wir werden das nicht nachpr\u00fcfen.<\/p>\n<p>In Form von Kommentaren und Euren Nicknamen (bitte einfach nur Zahlen als Kommentar hinterlassen) beginnt die Versteigerung jetzt und endet am Montag, 24.6.13 um 20.00 Uhr.<\/p>\n<p>Viel Spa\u00df beim Bieten und Steigern.<\/p>\n<p><a href=\"https:\/\/www.leben-atmen.com\/wp-content\/blogs.dir\/4\/files\/2013\/06\/versteigerung-Franziskusweg.jpg\" data-rel=\"lightbox-image-0\" data-rl_title=\"\" data-rl_caption=\"\" title=\"\"><img decoding=\"async\" class=\"alignnone size-full\" alt=\"\" src=\"https:\/\/www.leben-atmen.com\/wp-content\/blogs.dir\/4\/files\/2013\/06\/versteigerung-Franziskusweg.jpg\" \/><\/a><\/p>\n","protected":false},"excerpt":{"rendered":"<p>Da wir uns jetzt auf dem Franziskusweg befinden, ist es an der Zeit, unsere zweite Versteigerung einzul\u00e4uten. Der amac-buch Verlag stiftet einen Preis im Wert von \u00fcber 50 Euro. Unsere Apfeltasche von &#8222;Das Goldene Taxi&#8220; ist bef\u00fcllt mit einem Pilgerpass, &hellip; <a href=\"https:\/\/www.leben-atmen.com\/palermo\/2013\/06\/20\/2-versteigerung-ein-rad-fur-ralf-apfeltasche-franziskusweg\/\">Weiterlesen <span class=\"meta-nav\">&rarr;<\/span><\/a><\/p>\n","protected":false},"author":2,"featured_media":0,"comment_status":"open","ping_status":"open","sticky":false,"template":"","format":"standard","meta":{"_jetpack_memberships_contains_paid_content":false,"footnotes":""},"categories":[1],"tags":[],"class_list":["post-681","post","type-post","status-publish","format-standard","hentry","category-allgemein"],"jetpack_featured_media_url":"","jetpack_sharing_enabled":true,"_links":{"self":[{"href":"https:\/\/www.leben-atmen.com\/palermo\/wp-json\/wp\/v2\/posts\/681","targetHints":{"allow":["GET"]}}],"collection":[{"href":"https:\/\/www.leben-atmen.com\/palermo\/wp-json\/wp\/v2\/posts"}],"about":[{"href":"https:\/\/www.leben-atmen.com\/palermo\/wp-json\/wp\/v2\/types\/post"}],"author":[{"embeddable":true,"href":"https:\/\/www.leben-atmen.com\/palermo\/wp-json\/wp\/v2\/users\/2"}],"replies":[{"embeddable":true,"href":"https:\/\/www.leben-atmen.com\/palermo\/wp-json\/wp\/v2\/comments?post=681"}],"version-history":[{"count":2,"href":"https:\/\/www.leben-atmen.com\/palermo\/wp-json\/wp\/v2\/posts\/681\/revisions"}],"predecessor-version":[{"id":683,"href":"https:\/\/www.leben-atmen.com\/palermo\/wp-json\/wp\/v2\/posts\/681\/revisions\/683"}],"wp:attachment":[{"href":"https:\/\/www.leben-atmen.com\/palermo\/wp-json\/wp\/v2\/media?parent=681"}],"wp:term":[{"taxonomy":"category","embeddable":true,"href":"https:\/\/www.leben-atmen.com\/palermo\/wp-json\/wp\/v2\/categories?post=681"},{"taxonomy":"post_tag","embeddable":true,"href":"https:\/\/www.leben-atmen.com\/palermo\/wp-json\/wp\/v2\/tags?post=681"}],"curies":[{"name":"wp","href":"https:\/\/api.w.org\/{rel}","templated":true}]}}