{"id":676,"date":"2013-06-20T21:38:09","date_gmt":"2013-06-20T21:38:09","guid":{"rendered":"https:\/\/www.leben-atmen.com\/palermo\/?p=676"},"modified":"2013-06-20T21:38:09","modified_gmt":"2013-06-20T21:38:09","slug":"unglaublich-aber-wahr","status":"publish","type":"post","link":"https:\/\/www.leben-atmen.com\/palermo\/2013\/06\/20\/unglaublich-aber-wahr\/","title":{"rendered":"Unglaublich, aber wahr"},"content":{"rendered":"<p>Citta di Castello, 18.30 Uhr. Wir wussten, wir w\u00fcrden gleich auf Geli und Albert treffen, liebe Freunde von uns, die in Cortona zur gleichen Zeit Urlaub machen. Als wir den Hauptplatz betreten, sehe ich ein weiteres liebgewonnenes Gesicht: Werner! mit seiner Moni, die extra zwei Stunden aus der Toskana zu den Beiden gefahren sind, um gemeinsam uns hier zu besuchen. Das r\u00fchrt mich so, als w\u00fcrde ich heute heiraten. Wir haben uns ja erst vor zwei Wochen zuhause gesehen, aber wenn man mit dem Fahrrad unterwegs ist, ist das eine Ewigkeit, die dazwischen liegt. Und wir fahren ja noch weiter und wer wei\u00df, was noch alles passieren wird.<\/p>\n<p>Wir lachen und ratschen und essen zu Abend. Leider m\u00fcssen sie bald wieder fort, es sind ja wieder zwei Stunden Fahrt zur\u00fcck. Ich freue mich immer noch (\u00fcbrigens haben die vier uns von mindestens 2 kg \u00fcberfl\u00fcssigen Sachen erl\u00f6st!).<\/p>\n<p>Danke f\u00fcr Euren Besuch! Das war f\u00fcr mich ein echtes Highlight unserer Reise, Euch hier zu treffen! Was ist da ein Bild von Michelangelo dagegen, wenn man solche Freunde hat?<\/p>\n<p><a href=\"https:\/\/www.leben-atmen.com\/wp-content\/blogs.dir\/4\/files\/2013\/06\/freunde.jpg\" data-rel=\"lightbox-image-0\" data-rl_title=\"\" data-rl_caption=\"\" title=\"\"><img decoding=\"async\" class=\"alignnone size-full\" alt=\"\" src=\"https:\/\/www.leben-atmen.com\/wp-content\/blogs.dir\/4\/files\/2013\/06\/freunde.jpg\" \/><\/a><\/p>\n<p>&nbsp;<\/p>\n","protected":false},"excerpt":{"rendered":"<p>Citta di Castello, 18.30 Uhr. Wir wussten, wir w\u00fcrden gleich auf Geli und Albert treffen, liebe Freunde von uns, die in Cortona zur gleichen Zeit Urlaub machen. Als wir den Hauptplatz betreten, sehe ich ein weiteres liebgewonnenes Gesicht: Werner! mit &hellip; <a href=\"https:\/\/www.leben-atmen.com\/palermo\/2013\/06\/20\/unglaublich-aber-wahr\/\">Weiterlesen <span class=\"meta-nav\">&rarr;<\/span><\/a><\/p>\n","protected":false},"author":2,"featured_media":0,"comment_status":"open","ping_status":"open","sticky":false,"template":"","format":"standard","meta":{"_jetpack_memberships_contains_paid_content":false,"footnotes":""},"categories":[1],"tags":[],"class_list":["post-676","post","type-post","status-publish","format-standard","hentry","category-allgemein"],"jetpack_featured_media_url":"","jetpack_sharing_enabled":true,"_links":{"self":[{"href":"https:\/\/www.leben-atmen.com\/palermo\/wp-json\/wp\/v2\/posts\/676","targetHints":{"allow":["GET"]}}],"collection":[{"href":"https:\/\/www.leben-atmen.com\/palermo\/wp-json\/wp\/v2\/posts"}],"about":[{"href":"https:\/\/www.leben-atmen.com\/palermo\/wp-json\/wp\/v2\/types\/post"}],"author":[{"embeddable":true,"href":"https:\/\/www.leben-atmen.com\/palermo\/wp-json\/wp\/v2\/users\/2"}],"replies":[{"embeddable":true,"href":"https:\/\/www.leben-atmen.com\/palermo\/wp-json\/wp\/v2\/comments?post=676"}],"version-history":[{"count":2,"href":"https:\/\/www.leben-atmen.com\/palermo\/wp-json\/wp\/v2\/posts\/676\/revisions"}],"predecessor-version":[{"id":679,"href":"https:\/\/www.leben-atmen.com\/palermo\/wp-json\/wp\/v2\/posts\/676\/revisions\/679"}],"wp:attachment":[{"href":"https:\/\/www.leben-atmen.com\/palermo\/wp-json\/wp\/v2\/media?parent=676"}],"wp:term":[{"taxonomy":"category","embeddable":true,"href":"https:\/\/www.leben-atmen.com\/palermo\/wp-json\/wp\/v2\/categories?post=676"},{"taxonomy":"post_tag","embeddable":true,"href":"https:\/\/www.leben-atmen.com\/palermo\/wp-json\/wp\/v2\/tags?post=676"}],"curies":[{"name":"wp","href":"https:\/\/api.w.org\/{rel}","templated":true}]}}