{"id":672,"date":"2013-06-20T21:21:05","date_gmt":"2013-06-20T21:21:05","guid":{"rendered":"https:\/\/www.leben-atmen.com\/palermo\/?p=672"},"modified":"2013-06-20T21:21:05","modified_gmt":"2013-06-20T21:21:05","slug":"in-citta-di-castello","status":"publish","type":"post","link":"https:\/\/www.leben-atmen.com\/palermo\/2013\/06\/20\/in-citta-di-castello\/","title":{"rendered":"In Citta di Castello"},"content":{"rendered":"<p>Ist heute die H\u00f6lle los. Die haben f\u00fcr uns eine Riesenparty organisiert. \u00dcberall in der Altstadt sind DJs und legen sich voll ins Zeug. Die Jugend aus der ganzen Umgebung ist herbei gestr\u00f6mt, um unsere Ankunft zu feiern.<br \/>\nSo ist das eben in Umbrien!!!! Wir haben die Toskana verlassen (Sansepolcro ist noch Toskana) und f\u00fchlen uns hier richtig wohl. Kein Wunder &#8211; bei so einem Empfang.<br \/>\n<video src=\"https:\/\/www.leben-atmen.com\/wp-content\/blogs.dir\/4\/files\/2013\/06\/citta_castello.mov\" controls=\"controls\"><\/video><\/p>\n","protected":false},"excerpt":{"rendered":"<p>Ist heute die H\u00f6lle los. Die haben f\u00fcr uns eine Riesenparty organisiert. \u00dcberall in der Altstadt sind DJs und legen sich voll ins Zeug. Die Jugend aus der ganzen Umgebung ist herbei gestr\u00f6mt, um unsere Ankunft zu feiern. So ist &hellip; <a href=\"https:\/\/www.leben-atmen.com\/palermo\/2013\/06\/20\/in-citta-di-castello\/\">Weiterlesen <span class=\"meta-nav\">&rarr;<\/span><\/a><\/p>\n","protected":false},"author":3,"featured_media":0,"comment_status":"open","ping_status":"open","sticky":false,"template":"","format":"standard","meta":{"_jetpack_memberships_contains_paid_content":false,"footnotes":""},"categories":[1],"tags":[],"class_list":["post-672","post","type-post","status-publish","format-standard","hentry","category-allgemein"],"jetpack_featured_media_url":"","jetpack_sharing_enabled":true,"_links":{"self":[{"href":"https:\/\/www.leben-atmen.com\/palermo\/wp-json\/wp\/v2\/posts\/672","targetHints":{"allow":["GET"]}}],"collection":[{"href":"https:\/\/www.leben-atmen.com\/palermo\/wp-json\/wp\/v2\/posts"}],"about":[{"href":"https:\/\/www.leben-atmen.com\/palermo\/wp-json\/wp\/v2\/types\/post"}],"author":[{"embeddable":true,"href":"https:\/\/www.leben-atmen.com\/palermo\/wp-json\/wp\/v2\/users\/3"}],"replies":[{"embeddable":true,"href":"https:\/\/www.leben-atmen.com\/palermo\/wp-json\/wp\/v2\/comments?post=672"}],"version-history":[{"count":2,"href":"https:\/\/www.leben-atmen.com\/palermo\/wp-json\/wp\/v2\/posts\/672\/revisions"}],"predecessor-version":[{"id":675,"href":"https:\/\/www.leben-atmen.com\/palermo\/wp-json\/wp\/v2\/posts\/672\/revisions\/675"}],"wp:attachment":[{"href":"https:\/\/www.leben-atmen.com\/palermo\/wp-json\/wp\/v2\/media?parent=672"}],"wp:term":[{"taxonomy":"category","embeddable":true,"href":"https:\/\/www.leben-atmen.com\/palermo\/wp-json\/wp\/v2\/categories?post=672"},{"taxonomy":"post_tag","embeddable":true,"href":"https:\/\/www.leben-atmen.com\/palermo\/wp-json\/wp\/v2\/tags?post=672"}],"curies":[{"name":"wp","href":"https:\/\/api.w.org\/{rel}","templated":true}]}}