{"id":666,"date":"2013-06-20T16:03:11","date_gmt":"2013-06-20T16:03:11","guid":{"rendered":"https:\/\/www.leben-atmen.com\/palermo\/?p=666"},"modified":"2013-06-20T16:03:11","modified_gmt":"2013-06-20T16:03:11","slug":"la-verna","status":"publish","type":"post","link":"https:\/\/www.leben-atmen.com\/palermo\/2013\/06\/20\/la-verna\/","title":{"rendered":"La Verna"},"content":{"rendered":"<p>Sogar das regionale Wasser ist nach hier benannt, ist doch das Kloster wirklich beeindruckend direkt oben auf den Felsen gebaut. Es ist sehr verwinkelt und hat S\u00e4le und R\u00e4ume, Zimmer und Kapellen, Kirchen und Gastr\u00e4ume. Man verl\u00e4uft sich das erste Mal, wenn man hier ist, verliert sich in den halbdunklen G\u00e4ngen, in den mystischen Felsspalten.<\/p>\n<p>Hier hat Franz von Assisi 1224, zwei Jahre vor seinem Tod, seine Stigmata erhalten. Die Kutte, die er damals getragen hat, kann man in der Hauptkirche bewundern. Della Robbia hat hier wundersch\u00f6ne Porzellanaltare gestaltet, die einen Blick wert sind.<\/p>\n<p>Daneben verf\u00fchren immer wieder traumhafte Ausblicke auf die toskanische Landschaft. Am Abend in rotes Licht getaucht, verschwinden langsam die gr\u00fcnen H\u00fcgel des Naturparks. Nachts ist es hier so ruhig, nicht mal eine Eule schreit im M\u00e4rchenwald nebenan. Die Natur ist hier im Einklang mit der menschlichen Zivilisation, ganz so, wie der Franz von Assisi sich das vielleicht vorgestellt hat.<\/p>\n<p>Solltet ihr einmal diese Region besuchen, so lohnt sich eine \u00dcbernachtung mit einem z\u00fcnftigen Abendessen aus Edelstahlkesseln\u00a0 im gro\u00dfen Speisesaal auf alle F\u00e4lle, es ist ein Erlebnis!<\/p>\n<p><a href=\"https:\/\/www.leben-atmen.com\/wp-content\/blogs.dir\/4\/files\/2013\/06\/wandelgang.jpg\" data-rel=\"lightbox-image-0\" data-rl_title=\"\" data-rl_caption=\"\" title=\"\"><img decoding=\"async\" class=\"alignnone size-full\" alt=\"\" src=\"https:\/\/www.leben-atmen.com\/wp-content\/blogs.dir\/4\/files\/2013\/06\/wandelgang.jpg\" \/><\/a> <a href=\"https:\/\/www.leben-atmen.com\/wp-content\/blogs.dir\/4\/files\/2013\/06\/robbia.jpg\" data-rel=\"lightbox-image-1\" data-rl_title=\"\" data-rl_caption=\"\" title=\"\"><img decoding=\"async\" class=\"alignnone size-full\" alt=\"\" src=\"https:\/\/www.leben-atmen.com\/wp-content\/blogs.dir\/4\/files\/2013\/06\/robbia.jpg\" \/><\/a> <a href=\"https:\/\/www.leben-atmen.com\/wp-content\/blogs.dir\/4\/files\/2013\/06\/felsspalte.jpg\" data-rel=\"lightbox-image-2\" data-rl_title=\"\" data-rl_caption=\"\" title=\"\"><img decoding=\"async\" class=\"alignnone size-full\" alt=\"\" src=\"https:\/\/www.leben-atmen.com\/wp-content\/blogs.dir\/4\/files\/2013\/06\/felsspalte.jpg\" \/><\/a><\/p>\n","protected":false},"excerpt":{"rendered":"<p>Sogar das regionale Wasser ist nach hier benannt, ist doch das Kloster wirklich beeindruckend direkt oben auf den Felsen gebaut. Es ist sehr verwinkelt und hat S\u00e4le und R\u00e4ume, Zimmer und Kapellen, Kirchen und Gastr\u00e4ume. Man verl\u00e4uft sich das erste &hellip; <a href=\"https:\/\/www.leben-atmen.com\/palermo\/2013\/06\/20\/la-verna\/\">Weiterlesen <span class=\"meta-nav\">&rarr;<\/span><\/a><\/p>\n","protected":false},"author":2,"featured_media":0,"comment_status":"open","ping_status":"open","sticky":false,"template":"","format":"standard","meta":{"_jetpack_memberships_contains_paid_content":false,"footnotes":""},"categories":[1],"tags":[],"class_list":["post-666","post","type-post","status-publish","format-standard","hentry","category-allgemein"],"jetpack_featured_media_url":"","jetpack_sharing_enabled":true,"_links":{"self":[{"href":"https:\/\/www.leben-atmen.com\/palermo\/wp-json\/wp\/v2\/posts\/666","targetHints":{"allow":["GET"]}}],"collection":[{"href":"https:\/\/www.leben-atmen.com\/palermo\/wp-json\/wp\/v2\/posts"}],"about":[{"href":"https:\/\/www.leben-atmen.com\/palermo\/wp-json\/wp\/v2\/types\/post"}],"author":[{"embeddable":true,"href":"https:\/\/www.leben-atmen.com\/palermo\/wp-json\/wp\/v2\/users\/2"}],"replies":[{"embeddable":true,"href":"https:\/\/www.leben-atmen.com\/palermo\/wp-json\/wp\/v2\/comments?post=666"}],"version-history":[{"count":2,"href":"https:\/\/www.leben-atmen.com\/palermo\/wp-json\/wp\/v2\/posts\/666\/revisions"}],"predecessor-version":[{"id":670,"href":"https:\/\/www.leben-atmen.com\/palermo\/wp-json\/wp\/v2\/posts\/666\/revisions\/670"}],"wp:attachment":[{"href":"https:\/\/www.leben-atmen.com\/palermo\/wp-json\/wp\/v2\/media?parent=666"}],"wp:term":[{"taxonomy":"category","embeddable":true,"href":"https:\/\/www.leben-atmen.com\/palermo\/wp-json\/wp\/v2\/categories?post=666"},{"taxonomy":"post_tag","embeddable":true,"href":"https:\/\/www.leben-atmen.com\/palermo\/wp-json\/wp\/v2\/tags?post=666"}],"curies":[{"name":"wp","href":"https:\/\/api.w.org\/{rel}","templated":true}]}}