{"id":637,"date":"2013-06-18T10:17:44","date_gmt":"2013-06-18T10:17:44","guid":{"rendered":"https:\/\/www.leben-atmen.com\/palermo\/?p=637"},"modified":"2013-06-18T10:17:44","modified_gmt":"2013-06-18T10:17:44","slug":"waschtag","status":"publish","type":"post","link":"https:\/\/www.leben-atmen.com\/palermo\/2013\/06\/18\/waschtag\/","title":{"rendered":"Waschtag"},"content":{"rendered":"<p>Nach zwei Wochen wurde es h\u00f6chste Zeit, dass ich eine Waschmaschine zur Verf\u00fcgung habe. Nun ist alles wieder sauber, Wenigstens f\u00fcr die n\u00e4chsten Tage! Und ich bin gl\u00fccklich, so wie der Marienk\u00e4fer, der gerade von meinem T-Shirt abhebt.<\/p>\n<p><a href=\"https:\/\/www.leben-atmen.com\/wp-content\/blogs.dir\/4\/files\/2013\/06\/20130618-121716.jpg\" data-rel=\"lightbox-image-0\" data-rl_title=\"\" data-rl_caption=\"\" title=\"\"><img decoding=\"async\" src=\"https:\/\/www.leben-atmen.com\/wp-content\/blogs.dir\/4\/files\/2013\/06\/20130618-121716.jpg\" alt=\"20130618-121716.jpg\" class=\"alignnone size-full\" \/><\/a><\/p>\n<p><a href=\"https:\/\/www.leben-atmen.com\/wp-content\/blogs.dir\/4\/files\/2013\/06\/20130618-121730.jpg\" data-rel=\"lightbox-image-1\" data-rl_title=\"\" data-rl_caption=\"\" title=\"\"><img decoding=\"async\" src=\"https:\/\/www.leben-atmen.com\/wp-content\/blogs.dir\/4\/files\/2013\/06\/20130618-121730.jpg\" alt=\"20130618-121730.jpg\" class=\"alignnone size-full\" \/><\/a><\/p>\n","protected":false},"excerpt":{"rendered":"<p>Nach zwei Wochen wurde es h\u00f6chste Zeit, dass ich eine Waschmaschine zur Verf\u00fcgung habe. Nun ist alles wieder sauber, Wenigstens f\u00fcr die n\u00e4chsten Tage! Und ich bin gl\u00fccklich, so wie der Marienk\u00e4fer, der gerade von meinem T-Shirt abhebt.<\/p>\n","protected":false},"author":2,"featured_media":0,"comment_status":"open","ping_status":"open","sticky":false,"template":"","format":"standard","meta":{"_jetpack_memberships_contains_paid_content":false,"footnotes":""},"categories":[1],"tags":[],"class_list":["post-637","post","type-post","status-publish","format-standard","hentry","category-allgemein"],"jetpack_featured_media_url":"","jetpack_sharing_enabled":true,"_links":{"self":[{"href":"https:\/\/www.leben-atmen.com\/palermo\/wp-json\/wp\/v2\/posts\/637","targetHints":{"allow":["GET"]}}],"collection":[{"href":"https:\/\/www.leben-atmen.com\/palermo\/wp-json\/wp\/v2\/posts"}],"about":[{"href":"https:\/\/www.leben-atmen.com\/palermo\/wp-json\/wp\/v2\/types\/post"}],"author":[{"embeddable":true,"href":"https:\/\/www.leben-atmen.com\/palermo\/wp-json\/wp\/v2\/users\/2"}],"replies":[{"embeddable":true,"href":"https:\/\/www.leben-atmen.com\/palermo\/wp-json\/wp\/v2\/comments?post=637"}],"version-history":[{"count":0,"href":"https:\/\/www.leben-atmen.com\/palermo\/wp-json\/wp\/v2\/posts\/637\/revisions"}],"wp:attachment":[{"href":"https:\/\/www.leben-atmen.com\/palermo\/wp-json\/wp\/v2\/media?parent=637"}],"wp:term":[{"taxonomy":"category","embeddable":true,"href":"https:\/\/www.leben-atmen.com\/palermo\/wp-json\/wp\/v2\/categories?post=637"},{"taxonomy":"post_tag","embeddable":true,"href":"https:\/\/www.leben-atmen.com\/palermo\/wp-json\/wp\/v2\/tags?post=637"}],"curies":[{"name":"wp","href":"https:\/\/api.w.org\/{rel}","templated":true}]}}