{"id":625,"date":"2013-06-18T07:30:12","date_gmt":"2013-06-18T07:30:12","guid":{"rendered":"https:\/\/www.leben-atmen.com\/palermo\/?p=625"},"modified":"2013-06-18T07:30:12","modified_gmt":"2013-06-18T07:30:12","slug":"geburtstag-ruhetag","status":"publish","type":"post","link":"https:\/\/www.leben-atmen.com\/palermo\/2013\/06\/18\/geburtstag-ruhetag\/","title":{"rendered":"Geburtstag = Ruhetag"},"content":{"rendered":"<p>Wir werden heute einen Ruhetag in der N\u00e4he von Stia in einem sch\u00f6nen Agriturismo einlegen, nicht nur, weil heute mein Geburtstag ist, sondern auch, weil wir Erholung ben\u00f6tigen. Morgen stehen uns wieder gro\u00dfe Bergdistanzen bevor, Camaldoli und La Verna warten auf uns und wollen beradelt werden.<\/p>\n<p><a href=\"https:\/\/www.leben-atmen.com\/wp-content\/blogs.dir\/4\/files\/2013\/06\/colazione-in-agriturismo.jpg\" data-rel=\"lightbox-image-0\" data-rl_title=\"\" data-rl_caption=\"\" title=\"\"><img decoding=\"async\" class=\"alignnone size-full\" alt=\"\" src=\"https:\/\/www.leben-atmen.com\/wp-content\/blogs.dir\/4\/files\/2013\/06\/colazione-in-agriturismo.jpg\" \/><\/a> <a href=\"https:\/\/www.leben-atmen.com\/wp-content\/blogs.dir\/4\/files\/2013\/06\/rosen.jpg\" data-rel=\"lightbox-image-1\" data-rl_title=\"\" data-rl_caption=\"\" title=\"\"><img decoding=\"async\" class=\"alignnone size-full\" alt=\"\" src=\"https:\/\/www.leben-atmen.com\/wp-content\/blogs.dir\/4\/files\/2013\/06\/rosen.jpg\" \/><\/a><\/p>\n","protected":false},"excerpt":{"rendered":"<p>Wir werden heute einen Ruhetag in der N\u00e4he von Stia in einem sch\u00f6nen Agriturismo einlegen, nicht nur, weil heute mein Geburtstag ist, sondern auch, weil wir Erholung ben\u00f6tigen. Morgen stehen uns wieder gro\u00dfe Bergdistanzen bevor, Camaldoli und La Verna warten &hellip; <a href=\"https:\/\/www.leben-atmen.com\/palermo\/2013\/06\/18\/geburtstag-ruhetag\/\">Weiterlesen <span class=\"meta-nav\">&rarr;<\/span><\/a><\/p>\n","protected":false},"author":2,"featured_media":0,"comment_status":"open","ping_status":"open","sticky":false,"template":"","format":"standard","meta":{"_jetpack_memberships_contains_paid_content":false,"footnotes":""},"categories":[1],"tags":[],"class_list":["post-625","post","type-post","status-publish","format-standard","hentry","category-allgemein"],"jetpack_featured_media_url":"","jetpack_sharing_enabled":true,"_links":{"self":[{"href":"https:\/\/www.leben-atmen.com\/palermo\/wp-json\/wp\/v2\/posts\/625","targetHints":{"allow":["GET"]}}],"collection":[{"href":"https:\/\/www.leben-atmen.com\/palermo\/wp-json\/wp\/v2\/posts"}],"about":[{"href":"https:\/\/www.leben-atmen.com\/palermo\/wp-json\/wp\/v2\/types\/post"}],"author":[{"embeddable":true,"href":"https:\/\/www.leben-atmen.com\/palermo\/wp-json\/wp\/v2\/users\/2"}],"replies":[{"embeddable":true,"href":"https:\/\/www.leben-atmen.com\/palermo\/wp-json\/wp\/v2\/comments?post=625"}],"version-history":[{"count":1,"href":"https:\/\/www.leben-atmen.com\/palermo\/wp-json\/wp\/v2\/posts\/625\/revisions"}],"predecessor-version":[{"id":628,"href":"https:\/\/www.leben-atmen.com\/palermo\/wp-json\/wp\/v2\/posts\/625\/revisions\/628"}],"wp:attachment":[{"href":"https:\/\/www.leben-atmen.com\/palermo\/wp-json\/wp\/v2\/media?parent=625"}],"wp:term":[{"taxonomy":"category","embeddable":true,"href":"https:\/\/www.leben-atmen.com\/palermo\/wp-json\/wp\/v2\/categories?post=625"},{"taxonomy":"post_tag","embeddable":true,"href":"https:\/\/www.leben-atmen.com\/palermo\/wp-json\/wp\/v2\/tags?post=625"}],"curies":[{"name":"wp","href":"https:\/\/api.w.org\/{rel}","templated":true}]}}