{"id":622,"date":"2013-06-17T17:52:28","date_gmt":"2013-06-17T17:52:28","guid":{"rendered":"https:\/\/www.leben-atmen.com\/palermo\/?p=622"},"modified":"2013-06-17T17:52:28","modified_gmt":"2013-06-17T17:52:28","slug":"mamma","status":"publish","type":"post","link":"https:\/\/www.leben-atmen.com\/palermo\/2013\/06\/17\/mamma\/","title":{"rendered":"Mamma"},"content":{"rendered":"<p>&#8222;Mammmaaa&#8220; &#8211; leider kann man es nicht wiedergeben, dieses &#8222;Mammmaaa&#8220;, wie es der junge schwarzhaarige Mann da ruft. Er wei\u00df sich nicht zu helfen. Er steht an der Rezeption und die &#8222;Mammmaaa&#8220; muss augenblicklich erscheinen. Toni und ich am\u00fcsieren uns ein wenig, ist der Mann doch schon sch\u00e4tzungsweise \u00fcber 20 und ruft nach seiner &#8222;Mammmaaa&#8220;. Sie kommt. Endlich! Mamma ist eine bildsch\u00f6ne Frau mit langem schwarzen Haar, und grauen Str\u00e4hnen. Sie eilt aus der K\u00fcche und wirkt besch\u00e4ftigt. Sie erledigt schnell, was der Junge nicht kann. Das war 2009 im Hotel Miramonti.<\/p>\n<p>Heute schreiben wir 2013 zur Mittagszeit. Der Besitzer, Landini, freut sich, dass er uns wieder sieht. Es ist niemand da, nicht der Junge und nicht Mamma, seine Frau. Nur Helfer und Verwandte. Wir werden von oben bis unten bekocht und verw\u00f6hnt.<\/p>\n<p>Landini spricht sehr gut deutsch, so unterhalten wir uns \u00fcber Pilger und Wege, das Wetter und seine Kinder, die jetzt in der Stadt arbeiten. Seit 10 Jahren h\u00e4tten sie keinen Tag &#8222;Zeit&#8220; gehabt, Ausfl\u00fcge zu unternehmen, erz\u00e4hlt er. Ich deute auf sein Ruhetag-Schild, es ist der Dienstag. Er wolle aber nicht, dass jemand vor verschlossener T\u00fcre stehe.<\/p>\n<p>Fr\u00fcher kamen viel mehr Menschen zur Sommerfrische nach Consuma, jetzt kommt keiner mehr her, um Urlaub zu machen. Er meint, die jungen Leute fl\u00f6gen f\u00fcr 200 Euro ans Schwarze Meer, und die Alten seien alle gestorben.<\/p>\n<p>Erst als wir fahren, schwenkt pl\u00f6tzlich seine Stimmung um. Er dr\u00fcckt uns und hat einen Klo\u00df im Hals. &#8222;Mamma&#8220;, liegt mit 57 oben im 1. Stock im Sterben.<\/p>\n<p><a href=\"https:\/\/www.leben-atmen.com\/wp-content\/blogs.dir\/4\/files\/2013\/06\/Miramonti.jpg\" data-rel=\"lightbox-image-0\" data-rl_title=\"\" data-rl_caption=\"\" title=\"\"><img decoding=\"async\" class=\"alignnone size-full\" alt=\"\" src=\"https:\/\/www.leben-atmen.com\/wp-content\/blogs.dir\/4\/files\/2013\/06\/Miramonti.jpg\" \/><\/a><\/p>\n<p><a href=\"https:\/\/www.leben-atmen.com\/wp-content\/blogs.dir\/4\/files\/2013\/06\/Ein-Baum-am-Weg.jpg\" data-rel=\"lightbox-image-1\" data-rl_title=\"\" data-rl_caption=\"\" title=\"\"><img decoding=\"async\" class=\"alignnone size-full\" alt=\"\" src=\"https:\/\/www.leben-atmen.com\/wp-content\/blogs.dir\/4\/files\/2013\/06\/Ein-Baum-am-Weg.jpg\" \/><\/a><\/p>\n","protected":false},"excerpt":{"rendered":"<p>&#8222;Mammmaaa&#8220; &#8211; leider kann man es nicht wiedergeben, dieses &#8222;Mammmaaa&#8220;, wie es der junge schwarzhaarige Mann da ruft. Er wei\u00df sich nicht zu helfen. Er steht an der Rezeption und die &#8222;Mammmaaa&#8220; muss augenblicklich erscheinen. Toni und ich am\u00fcsieren uns &hellip; <a href=\"https:\/\/www.leben-atmen.com\/palermo\/2013\/06\/17\/mamma\/\">Weiterlesen <span class=\"meta-nav\">&rarr;<\/span><\/a><\/p>\n","protected":false},"author":2,"featured_media":0,"comment_status":"open","ping_status":"open","sticky":false,"template":"","format":"standard","meta":{"_jetpack_memberships_contains_paid_content":false,"footnotes":""},"categories":[1],"tags":[],"class_list":["post-622","post","type-post","status-publish","format-standard","hentry","category-allgemein"],"jetpack_featured_media_url":"","jetpack_sharing_enabled":true,"_links":{"self":[{"href":"https:\/\/www.leben-atmen.com\/palermo\/wp-json\/wp\/v2\/posts\/622","targetHints":{"allow":["GET"]}}],"collection":[{"href":"https:\/\/www.leben-atmen.com\/palermo\/wp-json\/wp\/v2\/posts"}],"about":[{"href":"https:\/\/www.leben-atmen.com\/palermo\/wp-json\/wp\/v2\/types\/post"}],"author":[{"embeddable":true,"href":"https:\/\/www.leben-atmen.com\/palermo\/wp-json\/wp\/v2\/users\/2"}],"replies":[{"embeddable":true,"href":"https:\/\/www.leben-atmen.com\/palermo\/wp-json\/wp\/v2\/comments?post=622"}],"version-history":[{"count":1,"href":"https:\/\/www.leben-atmen.com\/palermo\/wp-json\/wp\/v2\/posts\/622\/revisions"}],"predecessor-version":[{"id":623,"href":"https:\/\/www.leben-atmen.com\/palermo\/wp-json\/wp\/v2\/posts\/622\/revisions\/623"}],"wp:attachment":[{"href":"https:\/\/www.leben-atmen.com\/palermo\/wp-json\/wp\/v2\/media?parent=622"}],"wp:term":[{"taxonomy":"category","embeddable":true,"href":"https:\/\/www.leben-atmen.com\/palermo\/wp-json\/wp\/v2\/categories?post=622"},{"taxonomy":"post_tag","embeddable":true,"href":"https:\/\/www.leben-atmen.com\/palermo\/wp-json\/wp\/v2\/tags?post=622"}],"curies":[{"name":"wp","href":"https:\/\/api.w.org\/{rel}","templated":true}]}}