{"id":616,"date":"2013-06-17T17:29:12","date_gmt":"2013-06-17T17:29:12","guid":{"rendered":"https:\/\/www.leben-atmen.com\/palermo\/?p=616"},"modified":"2013-06-17T17:29:12","modified_gmt":"2013-06-17T17:29:12","slug":"jetzt","status":"publish","type":"post","link":"https:\/\/www.leben-atmen.com\/palermo\/2013\/06\/17\/jetzt\/","title":{"rendered":"Jetzt"},"content":{"rendered":"<p>Was ist jetzt? Wie geht es Dir jetzt? Was ist jetzt um Dich los? Wie f\u00fchlt sich jetzt Dein K\u00f6rper an? Wo bist Du gerade jetzt? Geht es Dir jetzt gut? Was br\u00e4uchtest Du, damit es Dir jetzt gut geht? Nun die letzte Frage rei\u00dft einen schon wieder aus dem Jetzt heraus. Auch auf dem Fahrrad ist es bisweilen nicht leicht, im Augenblick zu leben, ganz da zu sein. Immer wieder f\u00fchren die Gedanken weg, von dem, was gerade wirklich ist. Ein Duft einer Blume, den man lange nicht mehr gerochen hat, zum Beispiel, entf\u00fchrt einen weit in die Vergangenheit. Dann ist man dort und es dauert, bis man wieder im Jetzt ist. Auch Orte, die man besucht und man fr\u00fcher schon mal dort war, leiten einen gedanklich weg vom aktuellen Geschehen. Dann ist man &#8222;fr\u00fcher&#8220; in Florenz und nicht &#8222;jetzt&#8220;. Wenn ich zuhause bin, dann ist mein iPhone der &#8222;Ich-entf\u00fchre-Dich-aus-dem-Jetzt&#8220;-Verf\u00fchrer Nummer eins. Facebook und Co vertreiben Langeweile und schlechte &#8222;Jetzt&#8220;-Gef\u00fchle. Auch der Computer man\u00f6vriert mich in Welten, wo ich gerne sein m\u00f6chte. Aber ich bin eigentlich nicht dort, sondern am Schreibtisch im B\u00fcro. Was will ich damit sagen? Das Jetzt ist nicht immer sch\u00f6n, auch nicht auf dem Fahrrad und der Mensch hat die Gabe, sich in einen anderen Zustand zu versetzen, damit es ihm besser geht. Allerdings schaffe ich pers\u00f6nlich auf dem Fahrrad \u00f6fters, das Jetzt zu sehen, zu sp\u00fcren, und es zu genie\u00dfen, egal wie es gerade ist. So eine Radreise r\u00fcckt einem den Kopf zurecht und man sp\u00fcrt auch im Alltag besser, ob sich das Jetzt gut anf\u00fchlt oder eben nicht so gut. Dann muss sich f\u00fcr mich etwas \u00e4ndern, kurz- mittel-, oder langfristig. Wie geht es Euch mit Eurem &#8222;Jetzt&#8220;?<\/p>\n<p><a href=\"https:\/\/www.leben-atmen.com\/wp-content\/blogs.dir\/4\/files\/2013\/06\/Jetzt.jpg\" data-rel=\"lightbox-image-0\" data-rl_title=\"\" data-rl_caption=\"\" title=\"\"><img decoding=\"async\" class=\"alignnone size-full\" alt=\"\" src=\"https:\/\/www.leben-atmen.com\/wp-content\/blogs.dir\/4\/files\/2013\/06\/Jetzt.jpg\" \/><\/a><\/p>\n","protected":false},"excerpt":{"rendered":"<p>Was ist jetzt? Wie geht es Dir jetzt? Was ist jetzt um Dich los? Wie f\u00fchlt sich jetzt Dein K\u00f6rper an? Wo bist Du gerade jetzt? Geht es Dir jetzt gut? Was br\u00e4uchtest Du, damit es Dir jetzt gut geht? &hellip; <a href=\"https:\/\/www.leben-atmen.com\/palermo\/2013\/06\/17\/jetzt\/\">Weiterlesen <span class=\"meta-nav\">&rarr;<\/span><\/a><\/p>\n","protected":false},"author":3,"featured_media":0,"comment_status":"open","ping_status":"open","sticky":false,"template":"","format":"standard","meta":{"_jetpack_memberships_contains_paid_content":false,"footnotes":""},"categories":[1],"tags":[],"class_list":["post-616","post","type-post","status-publish","format-standard","hentry","category-allgemein"],"jetpack_featured_media_url":"","jetpack_sharing_enabled":true,"_links":{"self":[{"href":"https:\/\/www.leben-atmen.com\/palermo\/wp-json\/wp\/v2\/posts\/616","targetHints":{"allow":["GET"]}}],"collection":[{"href":"https:\/\/www.leben-atmen.com\/palermo\/wp-json\/wp\/v2\/posts"}],"about":[{"href":"https:\/\/www.leben-atmen.com\/palermo\/wp-json\/wp\/v2\/types\/post"}],"author":[{"embeddable":true,"href":"https:\/\/www.leben-atmen.com\/palermo\/wp-json\/wp\/v2\/users\/3"}],"replies":[{"embeddable":true,"href":"https:\/\/www.leben-atmen.com\/palermo\/wp-json\/wp\/v2\/comments?post=616"}],"version-history":[{"count":2,"href":"https:\/\/www.leben-atmen.com\/palermo\/wp-json\/wp\/v2\/posts\/616\/revisions"}],"predecessor-version":[{"id":620,"href":"https:\/\/www.leben-atmen.com\/palermo\/wp-json\/wp\/v2\/posts\/616\/revisions\/620"}],"wp:attachment":[{"href":"https:\/\/www.leben-atmen.com\/palermo\/wp-json\/wp\/v2\/media?parent=616"}],"wp:term":[{"taxonomy":"category","embeddable":true,"href":"https:\/\/www.leben-atmen.com\/palermo\/wp-json\/wp\/v2\/categories?post=616"},{"taxonomy":"post_tag","embeddable":true,"href":"https:\/\/www.leben-atmen.com\/palermo\/wp-json\/wp\/v2\/tags?post=616"}],"curies":[{"name":"wp","href":"https:\/\/api.w.org\/{rel}","templated":true}]}}