{"id":610,"date":"2013-06-17T06:22:01","date_gmt":"2013-06-17T06:22:01","guid":{"rendered":"https:\/\/www.leben-atmen.com\/palermo\/?p=610"},"modified":"2013-06-17T06:22:01","modified_gmt":"2013-06-17T06:22:01","slug":"fruhstuck-vor-dem-pass","status":"publish","type":"post","link":"https:\/\/www.leben-atmen.com\/palermo\/2013\/06\/17\/fruhstuck-vor-dem-pass\/","title":{"rendered":"Fr\u00fchst\u00fcck vor dem Pass"},"content":{"rendered":"<p>Guten Morgen! Auch f\u00fcr uns hei\u00dft es heute, harte Arbeit ist angesagt. Wir wissen gleich 1000 H\u00f6henmeter radeln, n\u00e4mlich den Passo della Consuma hoch. Warum st\u00e4rken wir uns bei einem typisch italienischen Fr\u00fchst\u00fcck.<\/p>\n<p><a href=\"https:\/\/www.leben-atmen.com\/wp-content\/blogs.dir\/4\/files\/2013\/06\/20130617-082129.jpg\" data-rel=\"lightbox-image-0\" data-rl_title=\"\" data-rl_caption=\"\" title=\"\"><img decoding=\"async\" src=\"https:\/\/www.leben-atmen.com\/wp-content\/blogs.dir\/4\/files\/2013\/06\/20130617-082129.jpg\" alt=\"20130617-082129.jpg\" class=\"alignnone size-full\" \/><\/a><\/p>\n","protected":false},"excerpt":{"rendered":"<p>Guten Morgen! Auch f\u00fcr uns hei\u00dft es heute, harte Arbeit ist angesagt. Wir wissen gleich 1000 H\u00f6henmeter radeln, n\u00e4mlich den Passo della Consuma hoch. Warum st\u00e4rken wir uns bei einem typisch italienischen Fr\u00fchst\u00fcck.<\/p>\n","protected":false},"author":2,"featured_media":0,"comment_status":"open","ping_status":"open","sticky":false,"template":"","format":"standard","meta":{"_jetpack_memberships_contains_paid_content":false,"footnotes":""},"categories":[1],"tags":[],"class_list":["post-610","post","type-post","status-publish","format-standard","hentry","category-allgemein"],"jetpack_featured_media_url":"","jetpack_sharing_enabled":true,"_links":{"self":[{"href":"https:\/\/www.leben-atmen.com\/palermo\/wp-json\/wp\/v2\/posts\/610","targetHints":{"allow":["GET"]}}],"collection":[{"href":"https:\/\/www.leben-atmen.com\/palermo\/wp-json\/wp\/v2\/posts"}],"about":[{"href":"https:\/\/www.leben-atmen.com\/palermo\/wp-json\/wp\/v2\/types\/post"}],"author":[{"embeddable":true,"href":"https:\/\/www.leben-atmen.com\/palermo\/wp-json\/wp\/v2\/users\/2"}],"replies":[{"embeddable":true,"href":"https:\/\/www.leben-atmen.com\/palermo\/wp-json\/wp\/v2\/comments?post=610"}],"version-history":[{"count":0,"href":"https:\/\/www.leben-atmen.com\/palermo\/wp-json\/wp\/v2\/posts\/610\/revisions"}],"wp:attachment":[{"href":"https:\/\/www.leben-atmen.com\/palermo\/wp-json\/wp\/v2\/media?parent=610"}],"wp:term":[{"taxonomy":"category","embeddable":true,"href":"https:\/\/www.leben-atmen.com\/palermo\/wp-json\/wp\/v2\/categories?post=610"},{"taxonomy":"post_tag","embeddable":true,"href":"https:\/\/www.leben-atmen.com\/palermo\/wp-json\/wp\/v2\/tags?post=610"}],"curies":[{"name":"wp","href":"https:\/\/api.w.org\/{rel}","templated":true}]}}