{"id":602,"date":"2013-06-16T15:34:47","date_gmt":"2013-06-16T15:34:47","guid":{"rendered":"https:\/\/www.leben-atmen.com\/palermo\/?p=602"},"modified":"2013-06-16T15:34:47","modified_gmt":"2013-06-16T15:34:47","slug":"florenz-wie-es-sein-sollte","status":"publish","type":"post","link":"https:\/\/www.leben-atmen.com\/palermo\/2013\/06\/16\/florenz-wie-es-sein-sollte\/","title":{"rendered":"Florenz, wie es sein sollte"},"content":{"rendered":"<p>Nat\u00fcrlich k\u00f6nnte ich jetzt von Wikipedia oder aus F\u00fchrern oder von meinen fr\u00fcheren Besuchen in Florenz etwas abschreiben. Aber das k\u00f6nnt ihr ja alles selbst im Internet nachlesen.<\/p>\n<p>Vielmehr denke ich, sollte ich erz\u00e4hlen, wann es in Florenz am Sch\u00f6nsten ist. Fr\u00fchmorgens z.B., wenn man mit dem Nachtzug aus M\u00fcnchen hier ankommt und die erste Bar besucht, die ge\u00f6ffnet hat, dann schmeckt der Cappuccino hier ganz besonders. Da haben die Touristenstr\u00f6me noch nicht eingesetzt und der Dom leuchtet in einem fantastischen Morgenlicht . Dann ist es unglaublich sch\u00f6n hier. Oder abends, wenn alles in romantisches Licht getaucht und die Stadt wie ausgestorben ist, schmeckt die Pizza um die Ecke wirklich nach Italien.<\/p>\n<p>In den Bobolig\u00e4rten der Medici aus dem 16. Jahrhundert, ist es fantastisch\u00a0am sp\u00e4ten Nachmittag, denn es gehen nicht gar so viele Florenzbesucher dorthin. Sie gehen \u00fcber die ber\u00fchmte Ponte Vecchio zum Shopping, aber nicht in den riesigen Garten den Berg hinauf, wo man eine einmalige Aussicht \u00fcber die Stadt hat.<\/p>\n<p>Ganz fr\u00fch im Jahr, im M\u00e4rz, wenn es noch einigerma\u00dfen kalt ist, kann man Gl\u00fcck haben und die Schlangen zu den Uffizien sind \u00fcberschaubar und der Palazzo Pitti ist begehbar. Ja, man m\u00fcsste zu verschieden Zeiten gleichzeitig hier sein. Dann h\u00e4tte man den Idealzustand. Aber so ist es nicht, heute ist ein Sonntag im Juni untertags und ich glaube zu ersticken, so viele Menschen sind hier&#8230;<\/p>\n<p><a href=\"https:\/\/www.leben-atmen.com\/wp-content\/blogs.dir\/4\/files\/2013\/06\/florenz1.jpg\" data-rel=\"lightbox-image-0\" data-rl_title=\"\" data-rl_caption=\"\" title=\"\"><img decoding=\"async\" class=\"alignnone size-full\" alt=\"\" src=\"https:\/\/www.leben-atmen.com\/wp-content\/blogs.dir\/4\/files\/2013\/06\/florenz1.jpg\" \/><\/a><\/p>\n<p><a href=\"https:\/\/www.leben-atmen.com\/wp-content\/blogs.dir\/4\/files\/2013\/06\/florenz2.jpg\" data-rel=\"lightbox-image-1\" data-rl_title=\"\" data-rl_caption=\"\" title=\"\"><img decoding=\"async\" class=\"alignnone size-full\" alt=\"\" src=\"https:\/\/www.leben-atmen.com\/wp-content\/blogs.dir\/4\/files\/2013\/06\/florenz2.jpg\" \/><\/a><\/p>\n","protected":false},"excerpt":{"rendered":"<p>Nat\u00fcrlich k\u00f6nnte ich jetzt von Wikipedia oder aus F\u00fchrern oder von meinen fr\u00fcheren Besuchen in Florenz etwas abschreiben. Aber das k\u00f6nnt ihr ja alles selbst im Internet nachlesen. Vielmehr denke ich, sollte ich erz\u00e4hlen, wann es in Florenz am Sch\u00f6nsten &hellip; <a href=\"https:\/\/www.leben-atmen.com\/palermo\/2013\/06\/16\/florenz-wie-es-sein-sollte\/\">Weiterlesen <span class=\"meta-nav\">&rarr;<\/span><\/a><\/p>\n","protected":false},"author":2,"featured_media":0,"comment_status":"open","ping_status":"open","sticky":false,"template":"","format":"standard","meta":{"_jetpack_memberships_contains_paid_content":false,"footnotes":""},"categories":[1],"tags":[],"class_list":["post-602","post","type-post","status-publish","format-standard","hentry","category-allgemein"],"jetpack_featured_media_url":"","jetpack_sharing_enabled":true,"_links":{"self":[{"href":"https:\/\/www.leben-atmen.com\/palermo\/wp-json\/wp\/v2\/posts\/602","targetHints":{"allow":["GET"]}}],"collection":[{"href":"https:\/\/www.leben-atmen.com\/palermo\/wp-json\/wp\/v2\/posts"}],"about":[{"href":"https:\/\/www.leben-atmen.com\/palermo\/wp-json\/wp\/v2\/types\/post"}],"author":[{"embeddable":true,"href":"https:\/\/www.leben-atmen.com\/palermo\/wp-json\/wp\/v2\/users\/2"}],"replies":[{"embeddable":true,"href":"https:\/\/www.leben-atmen.com\/palermo\/wp-json\/wp\/v2\/comments?post=602"}],"version-history":[{"count":2,"href":"https:\/\/www.leben-atmen.com\/palermo\/wp-json\/wp\/v2\/posts\/602\/revisions"}],"predecessor-version":[{"id":605,"href":"https:\/\/www.leben-atmen.com\/palermo\/wp-json\/wp\/v2\/posts\/602\/revisions\/605"}],"wp:attachment":[{"href":"https:\/\/www.leben-atmen.com\/palermo\/wp-json\/wp\/v2\/media?parent=602"}],"wp:term":[{"taxonomy":"category","embeddable":true,"href":"https:\/\/www.leben-atmen.com\/palermo\/wp-json\/wp\/v2\/categories?post=602"},{"taxonomy":"post_tag","embeddable":true,"href":"https:\/\/www.leben-atmen.com\/palermo\/wp-json\/wp\/v2\/tags?post=602"}],"curies":[{"name":"wp","href":"https:\/\/api.w.org\/{rel}","templated":true}]}}