{"id":588,"date":"2013-06-15T18:15:11","date_gmt":"2013-06-15T18:15:11","guid":{"rendered":"https:\/\/www.leben-atmen.com\/palermo\/?p=588"},"modified":"2013-06-15T18:15:11","modified_gmt":"2013-06-15T18:15:11","slug":"nach-dem-tief-kam-das-hoch","status":"publish","type":"post","link":"https:\/\/www.leben-atmen.com\/palermo\/2013\/06\/15\/nach-dem-tief-kam-das-hoch\/","title":{"rendered":"Nach dem Tief kam das Hoch"},"content":{"rendered":"<p>Gestern hab ich anscheinend instinktiv genau das Richtige getan. Einfach im Bett gelegen und die gewohnte Sightseeing-Tour in der Tr\u00fcffelstadt Savingo den Toni alleine machen lassen. Geschlafen, Nudeln gegessen, wieder geschlafen. Ich h\u00e4tte gestern nie gedacht, heute drei solche P\u00e4sse fahren zu k\u00f6nnen (H\u00e4tte ich es heute morgen gewusst, h\u00e4tte ich es wahrscheinlich auch nicht getan).<\/p>\n<p>Unglaublich, was so ein K\u00f6rper doch leisten kann. Eure Kommentare haben mich total mental unterst\u00fctzt. Armins &#8222;Bergauffahren ist Kopfsache&#8220; hat mich \u00fcber den letzten Pass getragen. Und siehe da, ich bin weder gestorben noch bin ich extra fertig.<\/p>\n<p>Die sch\u00f6ne Landschaft war es heute, die die Anstrengung vergessen l\u00e4sst. Es war traumhaft mit meinem lieben Toni hier rauf zu radeln, der \u00fcbrigens ein toller Pfadfinder ist. Er sch\u00e4tzt das Gel\u00e4nde besser ein, als der einheimische Rennradfahrer.<\/p>\n<p>Einzig \u00e4rgert mich, dass ich zuviel Regenkleidung und warme Sachen dabei habe, die schleppe ich da jeden Pass hoch. Hoffentlich finde ich morgen fr\u00fch in Pistoia gleich eine Post&#8230;<\/p>\n<p>Pistoia ist \u00fcbrigens fast v\u00f6llig ohne Touristen. Die 90 000 Einwohner z\u00e4hlende Stadt hat ein paar Tolle Sehensw\u00fcrdigkeiten, wie den Dom, der wie der in Florenz aus zweifarbigem Marmor ist, das alte Krankenhaus mit einer tollen Fassade und eine Kirche mit einer der gr\u00f6\u00dften Kuppeln Europas.<\/p>\n<p>Nun, ich bin froh, nicht in Florenz zu sein, denn dort sch\u00e4tze ich, sind alle, die hier nicht zugegen sind. Morgen werden wir aber hinfahren und von dort berichten.<\/p>\n<p><a href=\"https:\/\/www.leben-atmen.com\/wp-content\/blogs.dir\/4\/files\/2013\/06\/auf-dem-pass.jpg\" data-rel=\"lightbox-image-0\" data-rl_title=\"\" data-rl_caption=\"\" title=\"\"><img decoding=\"async\" class=\"alignnone size-full\" alt=\"\" src=\"https:\/\/www.leben-atmen.com\/wp-content\/blogs.dir\/4\/files\/2013\/06\/auf-dem-pass.jpg\" \/><\/a><\/p>\n","protected":false},"excerpt":{"rendered":"<p>Gestern hab ich anscheinend instinktiv genau das Richtige getan. Einfach im Bett gelegen und die gewohnte Sightseeing-Tour in der Tr\u00fcffelstadt Savingo den Toni alleine machen lassen. Geschlafen, Nudeln gegessen, wieder geschlafen. Ich h\u00e4tte gestern nie gedacht, heute drei solche P\u00e4sse &hellip; <a href=\"https:\/\/www.leben-atmen.com\/palermo\/2013\/06\/15\/nach-dem-tief-kam-das-hoch\/\">Weiterlesen <span class=\"meta-nav\">&rarr;<\/span><\/a><\/p>\n","protected":false},"author":2,"featured_media":0,"comment_status":"open","ping_status":"open","sticky":false,"template":"","format":"standard","meta":{"_jetpack_memberships_contains_paid_content":false,"footnotes":""},"categories":[1],"tags":[],"class_list":["post-588","post","type-post","status-publish","format-standard","hentry","category-allgemein"],"jetpack_featured_media_url":"","jetpack_sharing_enabled":true,"_links":{"self":[{"href":"https:\/\/www.leben-atmen.com\/palermo\/wp-json\/wp\/v2\/posts\/588","targetHints":{"allow":["GET"]}}],"collection":[{"href":"https:\/\/www.leben-atmen.com\/palermo\/wp-json\/wp\/v2\/posts"}],"about":[{"href":"https:\/\/www.leben-atmen.com\/palermo\/wp-json\/wp\/v2\/types\/post"}],"author":[{"embeddable":true,"href":"https:\/\/www.leben-atmen.com\/palermo\/wp-json\/wp\/v2\/users\/2"}],"replies":[{"embeddable":true,"href":"https:\/\/www.leben-atmen.com\/palermo\/wp-json\/wp\/v2\/comments?post=588"}],"version-history":[{"count":1,"href":"https:\/\/www.leben-atmen.com\/palermo\/wp-json\/wp\/v2\/posts\/588\/revisions"}],"predecessor-version":[{"id":590,"href":"https:\/\/www.leben-atmen.com\/palermo\/wp-json\/wp\/v2\/posts\/588\/revisions\/590"}],"wp:attachment":[{"href":"https:\/\/www.leben-atmen.com\/palermo\/wp-json\/wp\/v2\/media?parent=588"}],"wp:term":[{"taxonomy":"category","embeddable":true,"href":"https:\/\/www.leben-atmen.com\/palermo\/wp-json\/wp\/v2\/categories?post=588"},{"taxonomy":"post_tag","embeddable":true,"href":"https:\/\/www.leben-atmen.com\/palermo\/wp-json\/wp\/v2\/tags?post=588"}],"curies":[{"name":"wp","href":"https:\/\/api.w.org\/{rel}","templated":true}]}}