{"id":577,"date":"2013-06-15T11:38:59","date_gmt":"2013-06-15T11:38:59","guid":{"rendered":"https:\/\/www.leben-atmen.com\/palermo\/?p=577"},"modified":"2013-06-15T11:38:59","modified_gmt":"2013-06-15T11:38:59","slug":"2-von-3-haben-wir-jetzt-schon","status":"publish","type":"post","link":"https:\/\/www.leben-atmen.com\/palermo\/2013\/06\/15\/2-von-3-haben-wir-jetzt-schon\/","title":{"rendered":"2 von 3 haben wir jetzt schon"},"content":{"rendered":"<p>Heute m\u00fcssen wir 3 P\u00e4sse \u00fcberqueren. Der erste war bei 800 H\u00f6henmeter. Der zweite wo wir jetzt stehen bei circa 900 H\u00f6henmeter. Es folgt jetzt noch der dritte Pass mit etwa 930 H\u00f6henmeter.<\/p>\n<p><a href=\"https:\/\/www.leben-atmen.com\/wp-content\/blogs.dir\/4\/files\/2013\/06\/20130615-1338121.jpg\" data-rel=\"lightbox-image-0\" data-rl_title=\"\" data-rl_caption=\"\" title=\"\"><img decoding=\"async\" src=\"https:\/\/www.leben-atmen.com\/wp-content\/blogs.dir\/4\/files\/2013\/06\/20130615-1338121.jpg\" alt=\"20130615-133812.jpg\" class=\"alignnone size-full\" \/><\/a><\/p>\n","protected":false},"excerpt":{"rendered":"<p>Heute m\u00fcssen wir 3 P\u00e4sse \u00fcberqueren. Der erste war bei 800 H\u00f6henmeter. Der zweite wo wir jetzt stehen bei circa 900 H\u00f6henmeter. Es folgt jetzt noch der dritte Pass mit etwa 930 H\u00f6henmeter.<\/p>\n","protected":false},"author":3,"featured_media":0,"comment_status":"open","ping_status":"open","sticky":false,"template":"","format":"standard","meta":{"_jetpack_memberships_contains_paid_content":false,"footnotes":""},"categories":[1],"tags":[],"class_list":["post-577","post","type-post","status-publish","format-standard","hentry","category-allgemein"],"jetpack_featured_media_url":"","jetpack_sharing_enabled":true,"_links":{"self":[{"href":"https:\/\/www.leben-atmen.com\/palermo\/wp-json\/wp\/v2\/posts\/577","targetHints":{"allow":["GET"]}}],"collection":[{"href":"https:\/\/www.leben-atmen.com\/palermo\/wp-json\/wp\/v2\/posts"}],"about":[{"href":"https:\/\/www.leben-atmen.com\/palermo\/wp-json\/wp\/v2\/types\/post"}],"author":[{"embeddable":true,"href":"https:\/\/www.leben-atmen.com\/palermo\/wp-json\/wp\/v2\/users\/3"}],"replies":[{"embeddable":true,"href":"https:\/\/www.leben-atmen.com\/palermo\/wp-json\/wp\/v2\/comments?post=577"}],"version-history":[{"count":0,"href":"https:\/\/www.leben-atmen.com\/palermo\/wp-json\/wp\/v2\/posts\/577\/revisions"}],"wp:attachment":[{"href":"https:\/\/www.leben-atmen.com\/palermo\/wp-json\/wp\/v2\/media?parent=577"}],"wp:term":[{"taxonomy":"category","embeddable":true,"href":"https:\/\/www.leben-atmen.com\/palermo\/wp-json\/wp\/v2\/categories?post=577"},{"taxonomy":"post_tag","embeddable":true,"href":"https:\/\/www.leben-atmen.com\/palermo\/wp-json\/wp\/v2\/tags?post=577"}],"curies":[{"name":"wp","href":"https:\/\/api.w.org\/{rel}","templated":true}]}}