{"id":569,"date":"2013-06-14T17:29:44","date_gmt":"2013-06-14T17:29:44","guid":{"rendered":"https:\/\/www.leben-atmen.com\/palermo\/?p=569"},"modified":"2013-06-14T17:29:44","modified_gmt":"2013-06-14T17:29:44","slug":"1-preisratsel-ein-rad-fur-ralf-auflosung","status":"publish","type":"post","link":"https:\/\/www.leben-atmen.com\/palermo\/2013\/06\/14\/1-preisratsel-ein-rad-fur-ralf-auflosung\/","title":{"rendered":"1. Preisr\u00e4tsel &#8222;Ein Rad f\u00fcr Ralf&#8220; Aufl\u00f6sung"},"content":{"rendered":"<p>Der richtige Tipp war 124. Es hatte keiner richtig getippt. Am n\u00e4chsten mit 125 war &#8222;Franzi&#8220;.\u00a0Franzi, Bitte sende uns eine E-Mail mit Deinen Kontaktdaten und dem gew\u00fcnschten Produkt Es darf frei gew\u00e4hlt werden aus www.amac-buch.de<\/p>\n<p>Geschmeichelt hat uns &#8222;gabriel&#8220; mit 100<\/p>\n<p>Ein Vertipper war wohl &#8222;Alleswisser&#8220;. mit 164.\u00a0Da m\u00fcsste Giovanni ja wohl 78 sein?<\/p>\n<p>Danke f\u00fcrs Mitmachen und wir \u00fcberweisen sofort \u20ac 124,- auf das Spendenkonto.<\/p>\n","protected":false},"excerpt":{"rendered":"<p>Der richtige Tipp war 124. Es hatte keiner richtig getippt. Am n\u00e4chsten mit 125 war &#8222;Franzi&#8220;.\u00a0Franzi, Bitte sende uns eine E-Mail mit Deinen Kontaktdaten und dem gew\u00fcnschten Produkt Es darf frei gew\u00e4hlt werden aus www.amac-buch.de Geschmeichelt hat uns &#8222;gabriel&#8220; mit &hellip; <a href=\"https:\/\/www.leben-atmen.com\/palermo\/2013\/06\/14\/1-preisratsel-ein-rad-fur-ralf-auflosung\/\">Weiterlesen <span class=\"meta-nav\">&rarr;<\/span><\/a><\/p>\n","protected":false},"author":2,"featured_media":0,"comment_status":"open","ping_status":"open","sticky":false,"template":"","format":"standard","meta":{"_jetpack_memberships_contains_paid_content":false,"footnotes":""},"categories":[1],"tags":[],"class_list":["post-569","post","type-post","status-publish","format-standard","hentry","category-allgemein"],"jetpack_featured_media_url":"","jetpack_sharing_enabled":true,"_links":{"self":[{"href":"https:\/\/www.leben-atmen.com\/palermo\/wp-json\/wp\/v2\/posts\/569","targetHints":{"allow":["GET"]}}],"collection":[{"href":"https:\/\/www.leben-atmen.com\/palermo\/wp-json\/wp\/v2\/posts"}],"about":[{"href":"https:\/\/www.leben-atmen.com\/palermo\/wp-json\/wp\/v2\/types\/post"}],"author":[{"embeddable":true,"href":"https:\/\/www.leben-atmen.com\/palermo\/wp-json\/wp\/v2\/users\/2"}],"replies":[{"embeddable":true,"href":"https:\/\/www.leben-atmen.com\/palermo\/wp-json\/wp\/v2\/comments?post=569"}],"version-history":[{"count":1,"href":"https:\/\/www.leben-atmen.com\/palermo\/wp-json\/wp\/v2\/posts\/569\/revisions"}],"predecessor-version":[{"id":570,"href":"https:\/\/www.leben-atmen.com\/palermo\/wp-json\/wp\/v2\/posts\/569\/revisions\/570"}],"wp:attachment":[{"href":"https:\/\/www.leben-atmen.com\/palermo\/wp-json\/wp\/v2\/media?parent=569"}],"wp:term":[{"taxonomy":"category","embeddable":true,"href":"https:\/\/www.leben-atmen.com\/palermo\/wp-json\/wp\/v2\/categories?post=569"},{"taxonomy":"post_tag","embeddable":true,"href":"https:\/\/www.leben-atmen.com\/palermo\/wp-json\/wp\/v2\/tags?post=569"}],"curies":[{"name":"wp","href":"https:\/\/api.w.org\/{rel}","templated":true}]}}