{"id":562,"date":"2013-06-14T17:11:26","date_gmt":"2013-06-14T17:11:26","guid":{"rendered":"https:\/\/www.leben-atmen.com\/palermo\/?p=562"},"modified":"2013-06-14T17:15:26","modified_gmt":"2013-06-14T17:15:26","slug":"warum-mache-ich-das","status":"publish","type":"post","link":"https:\/\/www.leben-atmen.com\/palermo\/2013\/06\/14\/warum-mache-ich-das\/","title":{"rendered":"Warum mache ich das?"},"content":{"rendered":"<p>Omei, heute ist es mir gar nicht gut gegangen. Seit Lazise habe ich eine Magenverstimmung, da war wohl eins der Fische auf der Platte schon l\u00e4nger tot, als zugelassen. Dazu jetzt die brutale Hitze, die bin ich noch \u00fcberhaupt nicht gew\u00f6hnt, es hat bestimmt 40\u00b0C und kein L\u00fcftchen regt sich. Ja und da war da auch die elende nimmer enden wollende Stra\u00dfe durch die Parmesan-Industriegebiete Reggio, Gran Pandano usw. Ich glaub ich esse nie wieder K\u00e4se!<\/p>\n<p>Das war nicht das Schlimmste, aber der Verkehr. Wir fahren angeblich auf &#8222;ruhigen Nebenstra\u00dfen&#8220;. Pustekuchen! Lastw\u00e4gen rumpeln vorbei, Motorradfahrer geben extra Gas und Autofahrer\/innen schneiden mich, nehmen mir einfach die Fahrbahn vor mir.<\/p>\n<p>Eigentlich hatte ich mich auf die Po-Ebene gefreut, weil es flach ist. Das stimmt denn auch, aber daf\u00fcr ist alles andere \u00fcberhaupt nicht optimal. Lieber radle ich durch liebliche H\u00fcgellandschaft.<\/p>\n<p>Aber wie w\u00fcrde meine Freundin Sabine sagen? &#8222;Das Leben ist eben kein Ponyhof!&#8220;.<\/p>\n<p>Der Gipfel waren die letzten 15 Kilometer. Mit hochroter Bombe (Kopf) gings dann auch noch in den Apennin. Glei\u00dfende Nachmittagssonne an den Serpentinen. Ein flotter Italiener auf dem Rennrad jodelt bergabw\u00e4rts mir sein &#8222;Buongiorno&#8220; entgegen. Jetzt reichts! Ich stelle mir einmal mehr die Sinnfrage: Warum mache ich das?<\/p>\n<p>Ich muss mich zwingen, an den Benefit zu denken: Keine Erk\u00e4ltungen mehr im Winter, saugute Figur, braun und fit, bis ich ankomme. Blondieren der grauen Str\u00e4hne kann ich mir sparen, wird alles gebleicht. Viel gesehen und erlebt, ja auch das Heute geh\u00f6rt dazu.<\/p>\n<p>Und da ist auch noch der Ralf, der heute in die Klinik geht und sich seiner obligatorischen Therapie unterzieht. Das Leben ist kein Ponyhof&#8230;aber irgendwie ist es trotzdem gut, so wie es ist!<\/p>\n<p><a href=\"https:\/\/www.leben-atmen.com\/wp-content\/blogs.dir\/4\/files\/2013\/06\/strasse.jpg\" data-rel=\"lightbox-image-0\" data-rl_title=\"\" data-rl_caption=\"\" title=\"\"><img decoding=\"async\" class=\"alignnone size-full\" alt=\"\" src=\"https:\/\/www.leben-atmen.com\/wp-content\/blogs.dir\/4\/files\/2013\/06\/strasse.jpg\" \/><\/a><\/p>\n","protected":false},"excerpt":{"rendered":"<p>Omei, heute ist es mir gar nicht gut gegangen. Seit Lazise habe ich eine Magenverstimmung, da war wohl eins der Fische auf der Platte schon l\u00e4nger tot, als zugelassen. Dazu jetzt die brutale Hitze, die bin ich noch \u00fcberhaupt nicht &hellip; <a href=\"https:\/\/www.leben-atmen.com\/palermo\/2013\/06\/14\/warum-mache-ich-das\/\">Weiterlesen <span class=\"meta-nav\">&rarr;<\/span><\/a><\/p>\n","protected":false},"author":2,"featured_media":0,"comment_status":"open","ping_status":"open","sticky":false,"template":"","format":"standard","meta":{"_jetpack_memberships_contains_paid_content":false,"footnotes":""},"categories":[1],"tags":[],"class_list":["post-562","post","type-post","status-publish","format-standard","hentry","category-allgemein"],"jetpack_featured_media_url":"","jetpack_sharing_enabled":true,"_links":{"self":[{"href":"https:\/\/www.leben-atmen.com\/palermo\/wp-json\/wp\/v2\/posts\/562","targetHints":{"allow":["GET"]}}],"collection":[{"href":"https:\/\/www.leben-atmen.com\/palermo\/wp-json\/wp\/v2\/posts"}],"about":[{"href":"https:\/\/www.leben-atmen.com\/palermo\/wp-json\/wp\/v2\/types\/post"}],"author":[{"embeddable":true,"href":"https:\/\/www.leben-atmen.com\/palermo\/wp-json\/wp\/v2\/users\/2"}],"replies":[{"embeddable":true,"href":"https:\/\/www.leben-atmen.com\/palermo\/wp-json\/wp\/v2\/comments?post=562"}],"version-history":[{"count":4,"href":"https:\/\/www.leben-atmen.com\/palermo\/wp-json\/wp\/v2\/posts\/562\/revisions"}],"predecessor-version":[{"id":564,"href":"https:\/\/www.leben-atmen.com\/palermo\/wp-json\/wp\/v2\/posts\/562\/revisions\/564"}],"wp:attachment":[{"href":"https:\/\/www.leben-atmen.com\/palermo\/wp-json\/wp\/v2\/media?parent=562"}],"wp:term":[{"taxonomy":"category","embeddable":true,"href":"https:\/\/www.leben-atmen.com\/palermo\/wp-json\/wp\/v2\/categories?post=562"},{"taxonomy":"post_tag","embeddable":true,"href":"https:\/\/www.leben-atmen.com\/palermo\/wp-json\/wp\/v2\/tags?post=562"}],"curies":[{"name":"wp","href":"https:\/\/api.w.org\/{rel}","templated":true}]}}