{"id":556,"date":"2013-06-14T07:34:57","date_gmt":"2013-06-14T07:34:57","guid":{"rendered":"https:\/\/www.leben-atmen.com\/palermo\/?p=556"},"modified":"2013-06-14T07:34:57","modified_gmt":"2013-06-14T07:34:57","slug":"34-37-und-alptraume","status":"publish","type":"post","link":"https:\/\/www.leben-atmen.com\/palermo\/2013\/06\/14\/34-37-und-alptraume\/","title":{"rendered":"34-37 und Alptr\u00e4ume"},"content":{"rendered":"<p>Irgendwie habe ich bei dieser Tour noch nicht meinen Rhythmus gefunden. Jede Nacht tr\u00e4ume ich wie wild und wache v\u00f6llig erschlagen auf. Erst nach dem zweiten Kaffee kehrt dann etwas Leben in mich zur\u00fcck. Es sind Tr\u00e4ume, die sich so real anf\u00fchlen &#8211; und das bislang jede Nacht.<\/p>\n<p>Eigentlich kann es nicht die Anstrengung sein. Besonders in den vergangenen Tagen ging es ja gem\u00fctlich nahezu eben dahin.<\/p>\n<p>Vielleicht sind es die unterschiedlichen Temperaturen: So hatten wir vor ca. 1 Woche auf dem Reschenpass keine 10 Grad Celsius, wohingegen wir gestern zwischen 34 und 37 Grad hatten. Und in der Po-Ebene f\u00fchlt sich das richtig dr\u00fcckend heiss an.<\/p>\n<p>Deshalb ist das wohl doch eine Belastung f\u00fcr den K\u00f6rper und dann gibts eben die ganze Nacht \u00fcber Gewitter in Kopf.<\/p>\n<p>Zus\u00e4tzlich sitze ich den ganzen Tag mehr oder minder &#8222;statisch&#8220; auf dem Radl, so dass sich der Nacken und die ober Schulterpartie jeden Tag sehr angespannt anf\u00fchlen. Ich sollte einfach w\u00e4hrend und nach dem Fahrradfahren ein wenig Gymnastik machen, um dieser Anspannung entgegen zu wirken.<\/p>\n<p>Kennt jemand von Euch so etwas &#8211; jemand, der schon l\u00e4ngere Radtouren gefahren ist?<\/p>\n","protected":false},"excerpt":{"rendered":"<p>Irgendwie habe ich bei dieser Tour noch nicht meinen Rhythmus gefunden. Jede Nacht tr\u00e4ume ich wie wild und wache v\u00f6llig erschlagen auf. Erst nach dem zweiten Kaffee kehrt dann etwas Leben in mich zur\u00fcck. Es sind Tr\u00e4ume, die sich so &hellip; <a href=\"https:\/\/www.leben-atmen.com\/palermo\/2013\/06\/14\/34-37-und-alptraume\/\">Weiterlesen <span class=\"meta-nav\">&rarr;<\/span><\/a><\/p>\n","protected":false},"author":3,"featured_media":0,"comment_status":"open","ping_status":"open","sticky":false,"template":"","format":"standard","meta":{"_jetpack_memberships_contains_paid_content":false,"footnotes":""},"categories":[1],"tags":[],"class_list":["post-556","post","type-post","status-publish","format-standard","hentry","category-allgemein"],"jetpack_featured_media_url":"","jetpack_sharing_enabled":true,"_links":{"self":[{"href":"https:\/\/www.leben-atmen.com\/palermo\/wp-json\/wp\/v2\/posts\/556","targetHints":{"allow":["GET"]}}],"collection":[{"href":"https:\/\/www.leben-atmen.com\/palermo\/wp-json\/wp\/v2\/posts"}],"about":[{"href":"https:\/\/www.leben-atmen.com\/palermo\/wp-json\/wp\/v2\/types\/post"}],"author":[{"embeddable":true,"href":"https:\/\/www.leben-atmen.com\/palermo\/wp-json\/wp\/v2\/users\/3"}],"replies":[{"embeddable":true,"href":"https:\/\/www.leben-atmen.com\/palermo\/wp-json\/wp\/v2\/comments?post=556"}],"version-history":[{"count":1,"href":"https:\/\/www.leben-atmen.com\/palermo\/wp-json\/wp\/v2\/posts\/556\/revisions"}],"predecessor-version":[{"id":559,"href":"https:\/\/www.leben-atmen.com\/palermo\/wp-json\/wp\/v2\/posts\/556\/revisions\/559"}],"wp:attachment":[{"href":"https:\/\/www.leben-atmen.com\/palermo\/wp-json\/wp\/v2\/media?parent=556"}],"wp:term":[{"taxonomy":"category","embeddable":true,"href":"https:\/\/www.leben-atmen.com\/palermo\/wp-json\/wp\/v2\/categories?post=556"},{"taxonomy":"post_tag","embeddable":true,"href":"https:\/\/www.leben-atmen.com\/palermo\/wp-json\/wp\/v2\/tags?post=556"}],"curies":[{"name":"wp","href":"https:\/\/api.w.org\/{rel}","templated":true}]}}