{"id":540,"date":"2013-06-13T06:17:37","date_gmt":"2013-06-13T06:17:37","guid":{"rendered":"https:\/\/www.leben-atmen.com\/palermo\/?p=540"},"modified":"2013-06-13T06:17:37","modified_gmt":"2013-06-13T06:17:37","slug":"1-preisratsel-wie-alt-sind-wir","status":"publish","type":"post","link":"https:\/\/www.leben-atmen.com\/palermo\/2013\/06\/13\/1-preisratsel-wie-alt-sind-wir\/","title":{"rendered":"1. Preisr\u00e4tsel &#8211; Wie alt sind wir?"},"content":{"rendered":"<p>Wir m\u00f6chten mit Euch ein Ratespiel machen. Gestern trafen wir den lieben Giovanni, er besitzt eine Bar gleich neben dem Radweg an einer Br\u00fccke Richtung Mantova gelegen. Ihr seht auf dem Bild drei Menschen. Wie alt sch\u00e4tzt Ihr sie zusammen? Wer richtig r\u00e4t, bekommt ein Buch seiner Wahl, auszusuchen aus unserem Sortiment: http:\/\/www.amac-buch.de.<\/p>\n<p>Sollten mehrere Personen die richtige L\u00f6sung erraten, so werden wir einen Gewinner ziehen. Wir, der amac-buch Verlag spenden sofort die Summe der richtigen Alterszahl auf das Spendenkonto &#8222;Ein Rad f\u00fcr Ralf&#8220;. Die Akton l\u00e4uft bis Freitag, 14.6. 20.00 Uhr<\/p>\n<p>Bitte gebt Euren Tipp als Kommentar ab. Bitte nur Zahlen als Kommentar hinterlassen, so tun wir uns mit der Auswertung leichter.<\/p>\n<p><a href=\"https:\/\/www.leben-atmen.com\/wp-content\/blogs.dir\/4\/files\/2013\/06\/Preisr\u00e4tsel.jpg\" data-rel=\"lightbox-image-0\" data-rl_title=\"\" data-rl_caption=\"\" title=\"\"><img decoding=\"async\" class=\"alignnone size-full\" alt=\"\" src=\"https:\/\/www.leben-atmen.com\/wp-content\/blogs.dir\/4\/files\/2013\/06\/Preisr\u00e4tsel.jpg\" \/><\/a><\/p>\n<p>&nbsp;<\/p>\n","protected":false},"excerpt":{"rendered":"<p>Wir m\u00f6chten mit Euch ein Ratespiel machen. Gestern trafen wir den lieben Giovanni, er besitzt eine Bar gleich neben dem Radweg an einer Br\u00fccke Richtung Mantova gelegen. Ihr seht auf dem Bild drei Menschen. Wie alt sch\u00e4tzt Ihr sie zusammen? &hellip; <a href=\"https:\/\/www.leben-atmen.com\/palermo\/2013\/06\/13\/1-preisratsel-wie-alt-sind-wir\/\">Weiterlesen <span class=\"meta-nav\">&rarr;<\/span><\/a><\/p>\n","protected":false},"author":2,"featured_media":0,"comment_status":"open","ping_status":"open","sticky":false,"template":"","format":"standard","meta":{"_jetpack_memberships_contains_paid_content":false,"footnotes":""},"categories":[1],"tags":[],"class_list":["post-540","post","type-post","status-publish","format-standard","hentry","category-allgemein"],"jetpack_featured_media_url":"","jetpack_sharing_enabled":true,"_links":{"self":[{"href":"https:\/\/www.leben-atmen.com\/palermo\/wp-json\/wp\/v2\/posts\/540","targetHints":{"allow":["GET"]}}],"collection":[{"href":"https:\/\/www.leben-atmen.com\/palermo\/wp-json\/wp\/v2\/posts"}],"about":[{"href":"https:\/\/www.leben-atmen.com\/palermo\/wp-json\/wp\/v2\/types\/post"}],"author":[{"embeddable":true,"href":"https:\/\/www.leben-atmen.com\/palermo\/wp-json\/wp\/v2\/users\/2"}],"replies":[{"embeddable":true,"href":"https:\/\/www.leben-atmen.com\/palermo\/wp-json\/wp\/v2\/comments?post=540"}],"version-history":[{"count":2,"href":"https:\/\/www.leben-atmen.com\/palermo\/wp-json\/wp\/v2\/posts\/540\/revisions"}],"predecessor-version":[{"id":542,"href":"https:\/\/www.leben-atmen.com\/palermo\/wp-json\/wp\/v2\/posts\/540\/revisions\/542"}],"wp:attachment":[{"href":"https:\/\/www.leben-atmen.com\/palermo\/wp-json\/wp\/v2\/media?parent=540"}],"wp:term":[{"taxonomy":"category","embeddable":true,"href":"https:\/\/www.leben-atmen.com\/palermo\/wp-json\/wp\/v2\/categories?post=540"},{"taxonomy":"post_tag","embeddable":true,"href":"https:\/\/www.leben-atmen.com\/palermo\/wp-json\/wp\/v2\/tags?post=540"}],"curies":[{"name":"wp","href":"https:\/\/api.w.org\/{rel}","templated":true}]}}