{"id":524,"date":"2013-06-12T15:26:00","date_gmt":"2013-06-12T15:26:00","guid":{"rendered":"https:\/\/www.leben-atmen.com\/palermo\/?p=524"},"modified":"2013-06-12T15:26:00","modified_gmt":"2013-06-12T15:26:00","slug":"ubernachtungen","status":"publish","type":"post","link":"https:\/\/www.leben-atmen.com\/palermo\/2013\/06\/12\/ubernachtungen\/","title":{"rendered":"\u00dcbernachtungen"},"content":{"rendered":"<p>Nun, verschiedentlich werden wir gefragt, wo wir denn \u00fcbernachten. Wir machen kein Geheimnis draus: Zelten ist f\u00fcr uns pers\u00f6nlich bei einer Radreise nix. Wir m\u00f6chten ein sauberes Bett, das gleich &#8222;beliegbar&#8220; ist, nicht erst ein Heim, wos hineinregnet oder die Ameisen auf den stinkenden Klamotten rumlaufen.<\/p>\n<p>Wir schlafen in Gasth\u00e4usern, Pensionen, Hotels, Agriturismo. Toni und ich wechseln uns ab mit Suchen. Wir haben ein ungef\u00e4hres Limit von 60 Euro mit Fr\u00fchst\u00fcck (2 Pers.) In touristischen Gebieten\/St\u00e4dten kommen wir dr\u00fcber, weiter im S\u00fcden und auf dem Land drunter. Dubioses oder Schmutziges wird gemieden und weitergesucht. Bis jetzt hatten wir immer Gl\u00fcck. Je weiter man nach S\u00fcden f\u00e4hrt, desto billiger wirds.<\/p>\n<p>In Europa ist es immer m\u00f6glich, ein Zimmer zu bekommen. Bis jetzt ist uns der Heuschober immer erspart geblieben, toi toi toi.<\/p>\n<p>Anbei zwei Zimmerbeispiele:<\/p>\n<p><a href=\"https:\/\/www.leben-atmen.com\/wp-content\/blogs.dir\/4\/files\/2013\/06\/zimmer.jpg\" data-rel=\"lightbox-image-0\" data-rl_title=\"\" data-rl_caption=\"\" title=\"\"><img decoding=\"async\" class=\"alignnone size-full\" alt=\"\" src=\"https:\/\/www.leben-atmen.com\/wp-content\/blogs.dir\/4\/files\/2013\/06\/zimmer.jpg\" \/><\/a><\/p>\n<p><a href=\"https:\/\/www.leben-atmen.com\/wp-content\/blogs.dir\/4\/files\/2013\/06\/zimmer-2.jpg\" data-rel=\"lightbox-image-1\" data-rl_title=\"\" data-rl_caption=\"\" title=\"\"><img decoding=\"async\" class=\"alignnone size-full\" alt=\"\" src=\"https:\/\/www.leben-atmen.com\/wp-content\/blogs.dir\/4\/files\/2013\/06\/zimmer-2.jpg\" \/><\/a><\/p>\n","protected":false},"excerpt":{"rendered":"<p>Nun, verschiedentlich werden wir gefragt, wo wir denn \u00fcbernachten. Wir machen kein Geheimnis draus: Zelten ist f\u00fcr uns pers\u00f6nlich bei einer Radreise nix. Wir m\u00f6chten ein sauberes Bett, das gleich &#8222;beliegbar&#8220; ist, nicht erst ein Heim, wos hineinregnet oder die &hellip; <a href=\"https:\/\/www.leben-atmen.com\/palermo\/2013\/06\/12\/ubernachtungen\/\">Weiterlesen <span class=\"meta-nav\">&rarr;<\/span><\/a><\/p>\n","protected":false},"author":2,"featured_media":0,"comment_status":"open","ping_status":"open","sticky":false,"template":"","format":"standard","meta":{"_jetpack_memberships_contains_paid_content":false,"footnotes":""},"categories":[1],"tags":[],"class_list":["post-524","post","type-post","status-publish","format-standard","hentry","category-allgemein"],"jetpack_featured_media_url":"","jetpack_sharing_enabled":true,"_links":{"self":[{"href":"https:\/\/www.leben-atmen.com\/palermo\/wp-json\/wp\/v2\/posts\/524","targetHints":{"allow":["GET"]}}],"collection":[{"href":"https:\/\/www.leben-atmen.com\/palermo\/wp-json\/wp\/v2\/posts"}],"about":[{"href":"https:\/\/www.leben-atmen.com\/palermo\/wp-json\/wp\/v2\/types\/post"}],"author":[{"embeddable":true,"href":"https:\/\/www.leben-atmen.com\/palermo\/wp-json\/wp\/v2\/users\/2"}],"replies":[{"embeddable":true,"href":"https:\/\/www.leben-atmen.com\/palermo\/wp-json\/wp\/v2\/comments?post=524"}],"version-history":[{"count":1,"href":"https:\/\/www.leben-atmen.com\/palermo\/wp-json\/wp\/v2\/posts\/524\/revisions"}],"predecessor-version":[{"id":535,"href":"https:\/\/www.leben-atmen.com\/palermo\/wp-json\/wp\/v2\/posts\/524\/revisions\/535"}],"wp:attachment":[{"href":"https:\/\/www.leben-atmen.com\/palermo\/wp-json\/wp\/v2\/media?parent=524"}],"wp:term":[{"taxonomy":"category","embeddable":true,"href":"https:\/\/www.leben-atmen.com\/palermo\/wp-json\/wp\/v2\/categories?post=524"},{"taxonomy":"post_tag","embeddable":true,"href":"https:\/\/www.leben-atmen.com\/palermo\/wp-json\/wp\/v2\/tags?post=524"}],"curies":[{"name":"wp","href":"https:\/\/api.w.org\/{rel}","templated":true}]}}