{"id":521,"date":"2013-06-12T15:10:29","date_gmt":"2013-06-12T15:10:29","guid":{"rendered":"https:\/\/www.leben-atmen.com\/palermo\/?p=521"},"modified":"2013-06-12T15:10:29","modified_gmt":"2013-06-12T15:10:29","slug":"das-auto-332-000-im-schnitt-pro-leben","status":"publish","type":"post","link":"https:\/\/www.leben-atmen.com\/palermo\/2013\/06\/12\/das-auto-332-000-im-schnitt-pro-leben\/","title":{"rendered":"Das Auto: 332.000 im Schnitt pro Leben"},"content":{"rendered":"<p>Vor einigen Wochen hat Spiegel Online eine Reportage von Motorpresse online gestellt. Darin ist zu lesen, das die Deutschen in ihrem mobilen Leben (im Schnitt ca. 54 Jahre) ca. 332000 Euro ausgeben!!!!<\/p>\n<p>Uff &#8211; das muss man sich in der Tat auf der Zunge zergehen lassen. Das sind pro Jahr gut 6000 Euro. Daf\u00fcr muss manch einer sicher mehrere Monate lang hart arbeiten.<\/p>\n<p>Oder anders gerechnet: W\u00fcrde man auf das Auto verzichten (k\u00f6nnen), so k\u00f6nnte man schlichtweg einige Monate pro Jahr k\u00fcrzer arbeiten oder schlichtweg das Geld im Urlaub ausgeben &#8211; oder wie auch immer.<\/p>\n<p>Wer den gesamten Artikel bei SPON lesen will &#8211;\u00a0<em>voil\u00e0:\u00a0<\/em>http:\/\/www.spiegel.de\/auto\/aktuell\/autokauf-bis-oelwechsel-was-die-deutschen-fuers-autofahren-ausgeben-a-884933.html<\/p>\n","protected":false},"excerpt":{"rendered":"<p>Vor einigen Wochen hat Spiegel Online eine Reportage von Motorpresse online gestellt. Darin ist zu lesen, das die Deutschen in ihrem mobilen Leben (im Schnitt ca. 54 Jahre) ca. 332000 Euro ausgeben!!!! Uff &#8211; das muss man sich in der &hellip; <a href=\"https:\/\/www.leben-atmen.com\/palermo\/2013\/06\/12\/das-auto-332-000-im-schnitt-pro-leben\/\">Weiterlesen <span class=\"meta-nav\">&rarr;<\/span><\/a><\/p>\n","protected":false},"author":3,"featured_media":0,"comment_status":"open","ping_status":"open","sticky":false,"template":"","format":"standard","meta":{"_jetpack_memberships_contains_paid_content":false,"footnotes":""},"categories":[1],"tags":[],"class_list":["post-521","post","type-post","status-publish","format-standard","hentry","category-allgemein"],"jetpack_featured_media_url":"","jetpack_sharing_enabled":true,"_links":{"self":[{"href":"https:\/\/www.leben-atmen.com\/palermo\/wp-json\/wp\/v2\/posts\/521","targetHints":{"allow":["GET"]}}],"collection":[{"href":"https:\/\/www.leben-atmen.com\/palermo\/wp-json\/wp\/v2\/posts"}],"about":[{"href":"https:\/\/www.leben-atmen.com\/palermo\/wp-json\/wp\/v2\/types\/post"}],"author":[{"embeddable":true,"href":"https:\/\/www.leben-atmen.com\/palermo\/wp-json\/wp\/v2\/users\/3"}],"replies":[{"embeddable":true,"href":"https:\/\/www.leben-atmen.com\/palermo\/wp-json\/wp\/v2\/comments?post=521"}],"version-history":[{"count":1,"href":"https:\/\/www.leben-atmen.com\/palermo\/wp-json\/wp\/v2\/posts\/521\/revisions"}],"predecessor-version":[{"id":522,"href":"https:\/\/www.leben-atmen.com\/palermo\/wp-json\/wp\/v2\/posts\/521\/revisions\/522"}],"wp:attachment":[{"href":"https:\/\/www.leben-atmen.com\/palermo\/wp-json\/wp\/v2\/media?parent=521"}],"wp:term":[{"taxonomy":"category","embeddable":true,"href":"https:\/\/www.leben-atmen.com\/palermo\/wp-json\/wp\/v2\/categories?post=521"},{"taxonomy":"post_tag","embeddable":true,"href":"https:\/\/www.leben-atmen.com\/palermo\/wp-json\/wp\/v2\/tags?post=521"}],"curies":[{"name":"wp","href":"https:\/\/api.w.org\/{rel}","templated":true}]}}