{"id":503,"date":"2013-06-11T17:13:02","date_gmt":"2013-06-11T17:13:02","guid":{"rendered":"https:\/\/www.leben-atmen.com\/palermo\/?p=503"},"modified":"2013-06-11T17:13:02","modified_gmt":"2013-06-11T17:13:02","slug":"das-hat-simone-alles-dabei","status":"publish","type":"post","link":"https:\/\/www.leben-atmen.com\/palermo\/2013\/06\/11\/das-hat-simone-alles-dabei\/","title":{"rendered":"Das hat Simone alles dabei"},"content":{"rendered":"<p>Da ich meinem Beruf als Grafikerin auch auf dem Fahrrad verschrieben bin, geisterte schon seit Tagen dieses Bild in meinem Kopf herum. Euch einmal zu visualisieren, was ich alles so dabei habe. Nat\u00fcrlich ist die Beschreibung unvollst\u00e4ndig, k\u00f6nnt ihr Euch doch vorstellen, dass ohne den Computer diese Grafik nicht entstanden w\u00e4re.<\/p>\n<p>Aber es sind die Sachen, die andauernd um mich herum sind. Und sie sind mir gerade sehr wichtig. Allerdings merkt man beim Radfahren auch, dass man mit viel weniger auskommen kann, als zuhause. Weil man am Abend dann doch so fertig ist, dass die &#8222;Kleiderwahl&#8220; zweitrangig erscheint.<\/p>\n<p>Nicht sehen k\u00f6nnt ihr auch, was in dem Kopf unter dem\u00a0Helm so vorgeht. Vieles kann man beim Radfahren hinter sich lassen. Z. B. das miefige B\u00fcro oder einen missg\u00fcnstigen und neidischen Mitmenschen. Aber mit dabei im Gep\u00e4ck hat man immer seine eigene Vergangenheit, die Abdr\u00fccke seiner Eltern, Geschwister, Lehrer, ja sogar die vor einem gelebt haben, die Vorfahren hinterlie\u00dfen Spuren. Und das alles ist dabei und davor kann man nicht davonfahren. Beim Radfahren aber kann man sich aktiv damit auseinandersetzen. Man verliert sich in der Bewegung und doch ist man ganz bei sich!<\/p>\n<p>Gerne w\u00fcrde ich jedem von Euch das auch einmal g\u00f6nnen. Wenn ihr nicht so viel Zeit habt, dann fahrt doch einfach die Via Claudia Augusta bis an den Gardasee, genau hierher. Das ist in 7 Tagen total machbar und easy zu fahren. Es muss nicht gleich nach Palermo sein, denn wir sind einfach ein bisschen verr\u00fcckt. Gardasee jedoch, das w\u00fcrde und werde ich mit dem Fahrrad einmal wieder tun und jedem empfehlen.<\/p>\n<p><a href=\"https:\/\/www.leben-atmen.com\/wp-content\/blogs.dir\/4\/files\/2013\/06\/bild-alles-dabei.jpg\" data-rel=\"lightbox-image-0\" data-rl_title=\"\" data-rl_caption=\"\" title=\"\"><img decoding=\"async\" class=\"alignnone size-full\" alt=\"\" src=\"https:\/\/www.leben-atmen.com\/wp-content\/blogs.dir\/4\/files\/2013\/06\/bild-alles-dabei.jpg\" \/><\/a><\/p>\n","protected":false},"excerpt":{"rendered":"<p>Da ich meinem Beruf als Grafikerin auch auf dem Fahrrad verschrieben bin, geisterte schon seit Tagen dieses Bild in meinem Kopf herum. Euch einmal zu visualisieren, was ich alles so dabei habe. Nat\u00fcrlich ist die Beschreibung unvollst\u00e4ndig, k\u00f6nnt ihr Euch &hellip; <a href=\"https:\/\/www.leben-atmen.com\/palermo\/2013\/06\/11\/das-hat-simone-alles-dabei\/\">Weiterlesen <span class=\"meta-nav\">&rarr;<\/span><\/a><\/p>\n","protected":false},"author":2,"featured_media":0,"comment_status":"open","ping_status":"open","sticky":false,"template":"","format":"standard","meta":{"_jetpack_memberships_contains_paid_content":false,"footnotes":""},"categories":[1],"tags":[],"class_list":["post-503","post","type-post","status-publish","format-standard","hentry","category-allgemein"],"jetpack_featured_media_url":"","jetpack_sharing_enabled":true,"_links":{"self":[{"href":"https:\/\/www.leben-atmen.com\/palermo\/wp-json\/wp\/v2\/posts\/503","targetHints":{"allow":["GET"]}}],"collection":[{"href":"https:\/\/www.leben-atmen.com\/palermo\/wp-json\/wp\/v2\/posts"}],"about":[{"href":"https:\/\/www.leben-atmen.com\/palermo\/wp-json\/wp\/v2\/types\/post"}],"author":[{"embeddable":true,"href":"https:\/\/www.leben-atmen.com\/palermo\/wp-json\/wp\/v2\/users\/2"}],"replies":[{"embeddable":true,"href":"https:\/\/www.leben-atmen.com\/palermo\/wp-json\/wp\/v2\/comments?post=503"}],"version-history":[{"count":1,"href":"https:\/\/www.leben-atmen.com\/palermo\/wp-json\/wp\/v2\/posts\/503\/revisions"}],"predecessor-version":[{"id":507,"href":"https:\/\/www.leben-atmen.com\/palermo\/wp-json\/wp\/v2\/posts\/503\/revisions\/507"}],"wp:attachment":[{"href":"https:\/\/www.leben-atmen.com\/palermo\/wp-json\/wp\/v2\/media?parent=503"}],"wp:term":[{"taxonomy":"category","embeddable":true,"href":"https:\/\/www.leben-atmen.com\/palermo\/wp-json\/wp\/v2\/categories?post=503"},{"taxonomy":"post_tag","embeddable":true,"href":"https:\/\/www.leben-atmen.com\/palermo\/wp-json\/wp\/v2\/tags?post=503"}],"curies":[{"name":"wp","href":"https:\/\/api.w.org\/{rel}","templated":true}]}}