{"id":502,"date":"2013-06-11T16:59:45","date_gmt":"2013-06-11T16:59:45","guid":{"rendered":"https:\/\/www.leben-atmen.com\/palermo\/?p=502"},"modified":"2013-06-11T17:15:35","modified_gmt":"2013-06-11T17:15:35","slug":"helft-uns-mantova-oder-verona","status":"publish","type":"post","link":"https:\/\/www.leben-atmen.com\/palermo\/2013\/06\/11\/helft-uns-mantova-oder-verona\/","title":{"rendered":"Helft uns: Mantova oder Verona?"},"content":{"rendered":"<p>Wenn ihr unsere Route verfolgt, dann seht ihr ja genauso wie wir, dass Verona eigentlich ein Umweg ist, wenn wir doch nach Brescello wollen.<br \/>\nWir finden beide, dass wir stattdessen lieber Mantova anschauen sollten &#8211; da waren wir noch nie, wohingegen Verona ja eigentlich jeder kennt&#8230;..<br \/>\nWas sagt ihr dazu &#8211; sollen und d\u00fcrfen wir Verona auslassen und uns auf Mantova st\u00fcrzen?<br \/>\nW\u00e4re super, wenn ihr uns bis morgen fr\u00fch bescheid geben k\u00f6nntet&#8230;. wir wollen so gegen 9 Uhr aufbrechen&#8230;.<\/p>\n<p>PS: Wenn wir Verona links liegen lassen, dann w\u00fcrden wir ebenfalls Ostiglia nicht ansteuern &#8211; und damit die Via Claudia Augusta endg\u00fcltig verlassen&#8230;.<\/p>\n","protected":false},"excerpt":{"rendered":"<p>Wenn ihr unsere Route verfolgt, dann seht ihr ja genauso wie wir, dass Verona eigentlich ein Umweg ist, wenn wir doch nach Brescello wollen. Wir finden beide, dass wir stattdessen lieber Mantova anschauen sollten &#8211; da waren wir noch nie, &hellip; <a href=\"https:\/\/www.leben-atmen.com\/palermo\/2013\/06\/11\/helft-uns-mantova-oder-verona\/\">Weiterlesen <span class=\"meta-nav\">&rarr;<\/span><\/a><\/p>\n","protected":false},"author":3,"featured_media":0,"comment_status":"open","ping_status":"open","sticky":false,"template":"","format":"standard","meta":{"_jetpack_memberships_contains_paid_content":false,"footnotes":""},"categories":[1],"tags":[],"class_list":["post-502","post","type-post","status-publish","format-standard","hentry","category-allgemein"],"jetpack_featured_media_url":"","jetpack_sharing_enabled":true,"_links":{"self":[{"href":"https:\/\/www.leben-atmen.com\/palermo\/wp-json\/wp\/v2\/posts\/502","targetHints":{"allow":["GET"]}}],"collection":[{"href":"https:\/\/www.leben-atmen.com\/palermo\/wp-json\/wp\/v2\/posts"}],"about":[{"href":"https:\/\/www.leben-atmen.com\/palermo\/wp-json\/wp\/v2\/types\/post"}],"author":[{"embeddable":true,"href":"https:\/\/www.leben-atmen.com\/palermo\/wp-json\/wp\/v2\/users\/3"}],"replies":[{"embeddable":true,"href":"https:\/\/www.leben-atmen.com\/palermo\/wp-json\/wp\/v2\/comments?post=502"}],"version-history":[{"count":2,"href":"https:\/\/www.leben-atmen.com\/palermo\/wp-json\/wp\/v2\/posts\/502\/revisions"}],"predecessor-version":[{"id":504,"href":"https:\/\/www.leben-atmen.com\/palermo\/wp-json\/wp\/v2\/posts\/502\/revisions\/504"}],"wp:attachment":[{"href":"https:\/\/www.leben-atmen.com\/palermo\/wp-json\/wp\/v2\/media?parent=502"}],"wp:term":[{"taxonomy":"category","embeddable":true,"href":"https:\/\/www.leben-atmen.com\/palermo\/wp-json\/wp\/v2\/categories?post=502"},{"taxonomy":"post_tag","embeddable":true,"href":"https:\/\/www.leben-atmen.com\/palermo\/wp-json\/wp\/v2\/tags?post=502"}],"curies":[{"name":"wp","href":"https:\/\/api.w.org\/{rel}","templated":true}]}}