{"id":483,"date":"2013-06-10T18:36:13","date_gmt":"2013-06-10T18:36:13","guid":{"rendered":"https:\/\/www.leben-atmen.com\/palermo\/?p=483"},"modified":"2013-06-10T18:36:13","modified_gmt":"2013-06-10T18:36:13","slug":"spendenkontostand-10-6","status":"publish","type":"post","link":"https:\/\/www.leben-atmen.com\/palermo\/2013\/06\/10\/spendenkontostand-10-6\/","title":{"rendered":"Spendenkontostand 10.6."},"content":{"rendered":"<p>Den wollte ich Euch nicht vorenthalten:<\/p>\n<p>1.172,00 Euro<\/p>\n<p>Ralf \u00fcbt schon flei\u00dfig zuhause. Das Ziel, die Hoffnung r\u00fcckt n\u00e4her, durch Eure Unterst\u00fctzung.\u00a0Wir vergessen dabei nicht, dass wir in erster Linie auf die Krankheit der schleichenden MS aufmerksam machen m\u00f6chten, die viele Menschen, so wie Ralf betroffen hat.<\/p>\n<p>Im Namen von Ralf bedanken wir uns bei allen Spendern!<\/p>\n<p><a href=\"https:\/\/www.leben-atmen.com\/wp-content\/blogs.dir\/4\/files\/2013\/06\/ralf-radelt.jpg\" data-rel=\"lightbox-image-0\" data-rl_title=\"\" data-rl_caption=\"\" title=\"\"><img decoding=\"async\" class=\"alignnone size-full\" alt=\"\" src=\"https:\/\/www.leben-atmen.com\/wp-content\/blogs.dir\/4\/files\/2013\/06\/ralf-radelt.jpg\" \/><\/a><\/p>\n<p>&nbsp;<\/p>\n","protected":false},"excerpt":{"rendered":"<p>Den wollte ich Euch nicht vorenthalten: 1.172,00 Euro Ralf \u00fcbt schon flei\u00dfig zuhause. Das Ziel, die Hoffnung r\u00fcckt n\u00e4her, durch Eure Unterst\u00fctzung.\u00a0Wir vergessen dabei nicht, dass wir in erster Linie auf die Krankheit der schleichenden MS aufmerksam machen m\u00f6chten, die &hellip; <a href=\"https:\/\/www.leben-atmen.com\/palermo\/2013\/06\/10\/spendenkontostand-10-6\/\">Weiterlesen <span class=\"meta-nav\">&rarr;<\/span><\/a><\/p>\n","protected":false},"author":2,"featured_media":0,"comment_status":"open","ping_status":"open","sticky":false,"template":"","format":"standard","meta":{"_jetpack_memberships_contains_paid_content":false,"footnotes":""},"categories":[1],"tags":[],"class_list":["post-483","post","type-post","status-publish","format-standard","hentry","category-allgemein"],"jetpack_featured_media_url":"","jetpack_sharing_enabled":true,"_links":{"self":[{"href":"https:\/\/www.leben-atmen.com\/palermo\/wp-json\/wp\/v2\/posts\/483","targetHints":{"allow":["GET"]}}],"collection":[{"href":"https:\/\/www.leben-atmen.com\/palermo\/wp-json\/wp\/v2\/posts"}],"about":[{"href":"https:\/\/www.leben-atmen.com\/palermo\/wp-json\/wp\/v2\/types\/post"}],"author":[{"embeddable":true,"href":"https:\/\/www.leben-atmen.com\/palermo\/wp-json\/wp\/v2\/users\/2"}],"replies":[{"embeddable":true,"href":"https:\/\/www.leben-atmen.com\/palermo\/wp-json\/wp\/v2\/comments?post=483"}],"version-history":[{"count":1,"href":"https:\/\/www.leben-atmen.com\/palermo\/wp-json\/wp\/v2\/posts\/483\/revisions"}],"predecessor-version":[{"id":485,"href":"https:\/\/www.leben-atmen.com\/palermo\/wp-json\/wp\/v2\/posts\/483\/revisions\/485"}],"wp:attachment":[{"href":"https:\/\/www.leben-atmen.com\/palermo\/wp-json\/wp\/v2\/media?parent=483"}],"wp:term":[{"taxonomy":"category","embeddable":true,"href":"https:\/\/www.leben-atmen.com\/palermo\/wp-json\/wp\/v2\/categories?post=483"},{"taxonomy":"post_tag","embeddable":true,"href":"https:\/\/www.leben-atmen.com\/palermo\/wp-json\/wp\/v2\/tags?post=483"}],"curies":[{"name":"wp","href":"https:\/\/api.w.org\/{rel}","templated":true}]}}