{"id":478,"date":"2013-06-10T15:56:01","date_gmt":"2013-06-10T15:56:01","guid":{"rendered":"https:\/\/www.leben-atmen.com\/palermo\/?p=478"},"modified":"2013-06-10T15:56:01","modified_gmt":"2013-06-10T15:56:01","slug":"alpenuberquerung-und-heute","status":"publish","type":"post","link":"https:\/\/www.leben-atmen.com\/palermo\/2013\/06\/10\/alpenuberquerung-und-heute\/","title":{"rendered":"Alpen\u00fcberquerung und heute"},"content":{"rendered":"<p>Der heutige Radltag war ganz besonders sch\u00f6n: den ganzen Tag ging es stetig bergab und ein kr\u00e4ftiger R\u00fcckenwind hat uns zus\u00e4tzlich anngetrieben. Seit dem Reschensee hatten wir nun knapp 200 km nur abw\u00e4rts. Herrlich!!!!<br \/>\nSo sind wir dann auch bis Trento gekommen &#8211; h\u00e4tten ebenso Rovereto noch geschafft, aber wir wollten uns Trento mal ansehen. Bislang sind wir stets auf der Autobahn vorbeigesaust.<br \/>\nNach den ersten 2 h hier muss ich sagen, dass es hier wirklich wundersch\u00f6n ist. Zudem scheint die Sonne &#8211; mit 26 Grad herrlich warm und da schmeckt der Cappuccino gleich doppelt so lecker.<br \/>\nDann haben wir nun also die Alpen quasi \u00fcberquert. Morgen gehts via Rovereto an den Gardasee. Wir werden als von der Via Claudia Augusta abweichen.<br \/>\nBislang war das meine sch\u00f6nste und wohl einfachste Alpen\u00fcberquerung. 2010 haben wir auf dem Weg nach Istanbul den Gro\u00dfglockner- und den Pl\u00f6ckenpass genommen. Boah &#8211; das war extrem hart. Sch\u00f6n war im vergangenen Jahr der Gotthard auf dem Weg nach Marrakesh. Gotthard rauf, auf der anderen Seite runter und fertig ist die Durchquerung.<br \/>\nDiesmal war es der Fern- und der Reschenpass. Beide machbar und landschaftlich sehr sch\u00f6n. Besonders beeindruckt hat mich am Samstag das Inntal von Zams bis Pfunds &#8211; einfach ein Traum. Gestern vom Reschensee immer bergab auf Meran war auch sehr charmant.<\/p>\n<p>Aber nun gibts Feierabendbier und dann in gut 1 h wird es f\u00fcr alle Apple-Leute spannend: um 19 Uhr startet die WWDC auf der Apple in San Francisco hoffentlich wieder viele neue Dinge pr\u00e4sentieren wir.<br \/>\n<a href=\"https:\/\/www.leben-atmen.com\/wp-content\/blogs.dir\/4\/files\/2013\/06\/trient_duomo.jpg\" data-rel=\"lightbox-image-0\" data-rl_title=\"\" data-rl_caption=\"\" title=\"\"><img decoding=\"async\" class=\"alignnone size-full\" alt=\"\" src=\"https:\/\/www.leben-atmen.com\/wp-content\/blogs.dir\/4\/files\/2013\/06\/trient_duomo.jpg\" \/><\/a><\/p>\n","protected":false},"excerpt":{"rendered":"<p>Der heutige Radltag war ganz besonders sch\u00f6n: den ganzen Tag ging es stetig bergab und ein kr\u00e4ftiger R\u00fcckenwind hat uns zus\u00e4tzlich anngetrieben. Seit dem Reschensee hatten wir nun knapp 200 km nur abw\u00e4rts. Herrlich!!!! So sind wir dann auch bis &hellip; <a href=\"https:\/\/www.leben-atmen.com\/palermo\/2013\/06\/10\/alpenuberquerung-und-heute\/\">Weiterlesen <span class=\"meta-nav\">&rarr;<\/span><\/a><\/p>\n","protected":false},"author":3,"featured_media":0,"comment_status":"open","ping_status":"open","sticky":false,"template":"","format":"standard","meta":{"_jetpack_memberships_contains_paid_content":false,"footnotes":""},"categories":[1],"tags":[],"class_list":["post-478","post","type-post","status-publish","format-standard","hentry","category-allgemein"],"jetpack_featured_media_url":"","jetpack_sharing_enabled":true,"_links":{"self":[{"href":"https:\/\/www.leben-atmen.com\/palermo\/wp-json\/wp\/v2\/posts\/478","targetHints":{"allow":["GET"]}}],"collection":[{"href":"https:\/\/www.leben-atmen.com\/palermo\/wp-json\/wp\/v2\/posts"}],"about":[{"href":"https:\/\/www.leben-atmen.com\/palermo\/wp-json\/wp\/v2\/types\/post"}],"author":[{"embeddable":true,"href":"https:\/\/www.leben-atmen.com\/palermo\/wp-json\/wp\/v2\/users\/3"}],"replies":[{"embeddable":true,"href":"https:\/\/www.leben-atmen.com\/palermo\/wp-json\/wp\/v2\/comments?post=478"}],"version-history":[{"count":1,"href":"https:\/\/www.leben-atmen.com\/palermo\/wp-json\/wp\/v2\/posts\/478\/revisions"}],"predecessor-version":[{"id":480,"href":"https:\/\/www.leben-atmen.com\/palermo\/wp-json\/wp\/v2\/posts\/478\/revisions\/480"}],"wp:attachment":[{"href":"https:\/\/www.leben-atmen.com\/palermo\/wp-json\/wp\/v2\/media?parent=478"}],"wp:term":[{"taxonomy":"category","embeddable":true,"href":"https:\/\/www.leben-atmen.com\/palermo\/wp-json\/wp\/v2\/categories?post=478"},{"taxonomy":"post_tag","embeddable":true,"href":"https:\/\/www.leben-atmen.com\/palermo\/wp-json\/wp\/v2\/tags?post=478"}],"curies":[{"name":"wp","href":"https:\/\/api.w.org\/{rel}","templated":true}]}}