{"id":467,"date":"2013-06-10T07:54:31","date_gmt":"2013-06-10T07:54:31","guid":{"rendered":"https:\/\/www.leben-atmen.com\/palermo\/?p=467"},"modified":"2013-06-10T09:40:50","modified_gmt":"2013-06-10T09:40:50","slug":"meran-und-das-kuhaus","status":"publish","type":"post","link":"https:\/\/www.leben-atmen.com\/palermo\/2013\/06\/10\/meran-und-das-kuhaus\/","title":{"rendered":"Meran und das Kurhaus"},"content":{"rendered":"<p>Das Kurhaus von Meran wurde 1874 er\u00f6ffnet und blickt auf eine lange Tradition zur\u00fcck. Ein Pr\u00e4chtiger Bau mit Jugendstil und gef\u00fchlter Mittelpunkt Merans, Heutzutage f\u00fcr Veranstaltungen und Seminare genutzt. Die Veranda zeigt auf den Fluss, und man kann sich lebhaft vorstellen, wie fr\u00fcher die Kurg\u00e4ste hier in ihren Liegen gelegen haben. Dazu hat eine kleine Kapelle gespielt auf Geige und Cello. Heute in Herbststimmung ist es trotzdem nicht minder romantisch.<\/p>\n<p><a href=\"https:\/\/www.leben-atmen.com\/wp-content\/blogs.dir\/4\/files\/2013\/06\/20130610-095415.jpg\" data-rel=\"lightbox-image-0\" data-rl_title=\"\" data-rl_caption=\"\" title=\"\"><img decoding=\"async\" src=\"https:\/\/www.leben-atmen.com\/wp-content\/blogs.dir\/4\/files\/2013\/06\/20130610-095415.jpg\" alt=\"20130610-095415.jpg\" class=\"alignnone size-full\" \/><\/a><\/p>\n","protected":false},"excerpt":{"rendered":"<p>Das Kurhaus von Meran wurde 1874 er\u00f6ffnet und blickt auf eine lange Tradition zur\u00fcck. Ein Pr\u00e4chtiger Bau mit Jugendstil und gef\u00fchlter Mittelpunkt Merans, Heutzutage f\u00fcr Veranstaltungen und Seminare genutzt. Die Veranda zeigt auf den Fluss, und man kann sich lebhaft &hellip; <a href=\"https:\/\/www.leben-atmen.com\/palermo\/2013\/06\/10\/meran-und-das-kuhaus\/\">Weiterlesen <span class=\"meta-nav\">&rarr;<\/span><\/a><\/p>\n","protected":false},"author":2,"featured_media":0,"comment_status":"open","ping_status":"open","sticky":false,"template":"","format":"standard","meta":{"_jetpack_memberships_contains_paid_content":false,"footnotes":""},"categories":[1],"tags":[],"class_list":["post-467","post","type-post","status-publish","format-standard","hentry","category-allgemein"],"jetpack_featured_media_url":"","jetpack_sharing_enabled":true,"_links":{"self":[{"href":"https:\/\/www.leben-atmen.com\/palermo\/wp-json\/wp\/v2\/posts\/467","targetHints":{"allow":["GET"]}}],"collection":[{"href":"https:\/\/www.leben-atmen.com\/palermo\/wp-json\/wp\/v2\/posts"}],"about":[{"href":"https:\/\/www.leben-atmen.com\/palermo\/wp-json\/wp\/v2\/types\/post"}],"author":[{"embeddable":true,"href":"https:\/\/www.leben-atmen.com\/palermo\/wp-json\/wp\/v2\/users\/2"}],"replies":[{"embeddable":true,"href":"https:\/\/www.leben-atmen.com\/palermo\/wp-json\/wp\/v2\/comments?post=467"}],"version-history":[{"count":1,"href":"https:\/\/www.leben-atmen.com\/palermo\/wp-json\/wp\/v2\/posts\/467\/revisions"}],"predecessor-version":[{"id":472,"href":"https:\/\/www.leben-atmen.com\/palermo\/wp-json\/wp\/v2\/posts\/467\/revisions\/472"}],"wp:attachment":[{"href":"https:\/\/www.leben-atmen.com\/palermo\/wp-json\/wp\/v2\/media?parent=467"}],"wp:term":[{"taxonomy":"category","embeddable":true,"href":"https:\/\/www.leben-atmen.com\/palermo\/wp-json\/wp\/v2\/categories?post=467"},{"taxonomy":"post_tag","embeddable":true,"href":"https:\/\/www.leben-atmen.com\/palermo\/wp-json\/wp\/v2\/tags?post=467"}],"curies":[{"name":"wp","href":"https:\/\/api.w.org\/{rel}","templated":true}]}}