{"id":460,"date":"2013-06-09T16:12:35","date_gmt":"2013-06-09T16:12:35","guid":{"rendered":"https:\/\/www.leben-atmen.com\/palermo\/?p=460"},"modified":"2013-06-09T16:12:35","modified_gmt":"2013-06-09T16:12:35","slug":"was-ist-im-leben-ursprunglich","status":"publish","type":"post","link":"https:\/\/www.leben-atmen.com\/palermo\/2013\/06\/09\/was-ist-im-leben-ursprunglich\/","title":{"rendered":"Was ist im Leben urspr\u00fcnglich?"},"content":{"rendered":"<p>Heute Morgen bin ich um 4.30 Uhr wachgeworden. Besch\u00e4ftigt mich doch nicht erst seit der Radreise das Thema: Was ist nat\u00fcrlich, urspr\u00fcnglich, was mich umgibt? Da ich ja gestern schon im Ansatz dar\u00fcber geschrieben habe, und der Kommentar von Max Altem\u00fcller bei Tonis Beitrag &#8222;Warum ich diese Radtour mache&#8220;, nicht mehr schlafen lie\u00df, m\u00f6chte ich doch ein letztes Mal meine Gedanken \u00e4u\u00dfern.<\/p>\n<p>Ich mache mir seit einiger Zeit immer mehr bewusst, das ALLES, was ich den ganzen Tag so anfasse (Computer, Messer, K\u00fcchenger\u00e4te, Gartenger\u00e4te, Autolenkr\u00e4der, Fahrr\u00e4der, Duschk\u00f6pfe, Wannen, Handt\u00fccher, St\u00fchle, ja selbst Haustiere usw. usw. von Menschen f\u00fcr den Menschen geschaffen ist. Das Bett und die Laken, in denen ich schlafe, die Kleidung, die ich trage, das Haus, den Ring, die Haarspange, ja, es gibt nichts, was die Natur selbst erschuf, sondern ein Mensch f\u00fcr mich.<\/p>\n<p>Mein Essen, das kultiviert in allen Herren L\u00e4ndern angebaut, bearbeitet und zubereitet wird. Fische in Teichen gez\u00fcchtet, Fleisch in St\u00e4llen, Eier in Fabriken, \u00c4pfel hier soweit das Auge reicht, vergewaltigte B\u00e4ume an F\u00e4den hinaufgezogen. Oliven in Spanien (wir berichteten) soweit das Auge reicht, nur geordnete Felder.<\/p>\n<p>Selbst der Weg, auf dem ich gehe oder in unserem Fall fahre, ist von Menschen bereitet und sei er noch so abgelegen, irgendwo im Apennin. Es ist wahnsinnig interessant, das dies so ist. Ihr m\u00fcsst das selbst an Euch in Eurem Leben einmal beobachten, es gibt nichts, was euch umgibt, das nicht vom Menschen erschaffen wurde.<\/p>\n<p>Doch, werdet ihr vielleicht sagen, die Natur, aber was ich denn dort noch nat\u00fcrlich? Die B\u00e4ume an den H\u00e4ngen haben unsere Vorfahren gepflanzt, also nicht urspr\u00fcnglich. Die Apfelb\u00e4ume, auf denen unsere Nahrung w\u00e4chst, sind so unnat\u00fcrlich, (wusstet ihr, dass z.B. Apfelfr\u00fcchte auf Birnenwurzeln wachsen, weil die mehr N\u00e4hrstoffe transportieren?). Es gibt keine &#8222;normalen&#8220; Nutzb\u00e4ume mehr. K\u00fche auf der Weide? Ziegen, Schafe? Naja, vielleicht die Kr\u00f6ten im Garten, die da nicht w\u00e4ren, wenn mein k\u00fcnstlicher Teich da nicht w\u00e4re.<\/p>\n<p>Das mit den Fl\u00fcssen hatten wir ja heute morgen schon &#8211; selten dass sie in nat\u00fcrlichen Bahnen laufen. Oder man denkt, man ist an einem See, aber wie viele Naturseen gibt es wirklich? Der Mensch beeinflusst alles &#8211; in erster Linie und das unterstelle ich ihm, F\u00dcR den Menschen, f\u00fcr mich, f\u00fcr Euch. Damit es uns gut geht, wir komfortabel leben, essen, wohnen k\u00f6nnen.<\/p>\n<p>Nicht dass ich das alles kritisiere, ich selbst bin ein Warmduscher, dem es fern liegt, z.B. bei Temperaturen unter 10 Grad zelten zu wollen oder ich m\u00f6chte auch nicht mit wilden B\u00e4ren k\u00e4mpfen, keine Heizung im Winter haben, mich mit Fellen bekleiden oder ohne dem Wissen unserer \u00c4rzte ins Krankenhaus eingeliefert werden.<\/p>\n<p>Verstehe ich aber jetzt meinen Freund Oliver besser, der leuchtende Augen bekommt, wenn er von Klettertouren im Niemandsland erz\u00e4hlt oder den Seppl Haueis, der den Silber (Berg) gerne bezwingt. Das ist vielleicht nah dran an der Urspr\u00fcnglichkeit, da oben auf dem Fels kann kein Mensch was anpflanzen oder bearbeiten. Oder das gro\u00dfe weite Meer, das ist noch etwas, was der Mensch nicht erobert hat. Hohe Gipfel und Meer, das ist noch urspr\u00fcnglich.<\/p>\n<p>Hat der Mensch noch eine Chance, in dieser &#8222;k\u00fcnstlichen&#8220; Welt &#8222;gesund&#8220; zu bleiben?\u00a0Habt ihr dazu auch Gedanken?<\/p>\n<p><a href=\"https:\/\/www.leben-atmen.com\/wp-content\/blogs.dir\/4\/files\/2013\/06\/gebirgsbach.jpg\" data-rel=\"lightbox-image-0\" data-rl_title=\"\" data-rl_caption=\"\" title=\"\"><img decoding=\"async\" class=\"alignnone size-full\" alt=\"\" src=\"https:\/\/www.leben-atmen.com\/wp-content\/blogs.dir\/4\/files\/2013\/06\/gebirgsbach.jpg\" \/><\/a><\/p>\n<p><a href=\"https:\/\/www.leben-atmen.com\/wp-content\/blogs.dir\/4\/files\/2013\/06\/veredelung-apfel.jpg\" data-rel=\"lightbox-image-1\" data-rl_title=\"\" data-rl_caption=\"\" title=\"\"><img decoding=\"async\" class=\"alignnone size-full\" alt=\"\" src=\"https:\/\/www.leben-atmen.com\/wp-content\/blogs.dir\/4\/files\/2013\/06\/veredelung-apfel.jpg\" \/><\/a><\/p>\n","protected":false},"excerpt":{"rendered":"<p>Heute Morgen bin ich um 4.30 Uhr wachgeworden. Besch\u00e4ftigt mich doch nicht erst seit der Radreise das Thema: Was ist nat\u00fcrlich, urspr\u00fcnglich, was mich umgibt? Da ich ja gestern schon im Ansatz dar\u00fcber geschrieben habe, und der Kommentar von Max &hellip; <a href=\"https:\/\/www.leben-atmen.com\/palermo\/2013\/06\/09\/was-ist-im-leben-ursprunglich\/\">Weiterlesen <span class=\"meta-nav\">&rarr;<\/span><\/a><\/p>\n","protected":false},"author":2,"featured_media":0,"comment_status":"open","ping_status":"open","sticky":false,"template":"","format":"standard","meta":{"_jetpack_memberships_contains_paid_content":false,"footnotes":""},"categories":[1],"tags":[],"class_list":["post-460","post","type-post","status-publish","format-standard","hentry","category-allgemein"],"jetpack_featured_media_url":"","jetpack_sharing_enabled":true,"_links":{"self":[{"href":"https:\/\/www.leben-atmen.com\/palermo\/wp-json\/wp\/v2\/posts\/460","targetHints":{"allow":["GET"]}}],"collection":[{"href":"https:\/\/www.leben-atmen.com\/palermo\/wp-json\/wp\/v2\/posts"}],"about":[{"href":"https:\/\/www.leben-atmen.com\/palermo\/wp-json\/wp\/v2\/types\/post"}],"author":[{"embeddable":true,"href":"https:\/\/www.leben-atmen.com\/palermo\/wp-json\/wp\/v2\/users\/2"}],"replies":[{"embeddable":true,"href":"https:\/\/www.leben-atmen.com\/palermo\/wp-json\/wp\/v2\/comments?post=460"}],"version-history":[{"count":1,"href":"https:\/\/www.leben-atmen.com\/palermo\/wp-json\/wp\/v2\/posts\/460\/revisions"}],"predecessor-version":[{"id":463,"href":"https:\/\/www.leben-atmen.com\/palermo\/wp-json\/wp\/v2\/posts\/460\/revisions\/463"}],"wp:attachment":[{"href":"https:\/\/www.leben-atmen.com\/palermo\/wp-json\/wp\/v2\/media?parent=460"}],"wp:term":[{"taxonomy":"category","embeddable":true,"href":"https:\/\/www.leben-atmen.com\/palermo\/wp-json\/wp\/v2\/categories?post=460"},{"taxonomy":"post_tag","embeddable":true,"href":"https:\/\/www.leben-atmen.com\/palermo\/wp-json\/wp\/v2\/tags?post=460"}],"curies":[{"name":"wp","href":"https:\/\/api.w.org\/{rel}","templated":true}]}}