{"id":457,"date":"2013-06-09T15:35:06","date_gmt":"2013-06-09T15:35:06","guid":{"rendered":"https:\/\/www.leben-atmen.com\/palermo\/?p=457"},"modified":"2013-06-09T15:35:06","modified_gmt":"2013-06-09T15:35:06","slug":"herz-jesu-prozessionen","status":"publish","type":"post","link":"https:\/\/www.leben-atmen.com\/palermo\/2013\/06\/09\/herz-jesu-prozessionen\/","title":{"rendered":"Herz-Jesu-Prozessionen"},"content":{"rendered":"<p>Heute ist der 9. Juni und da werden abends \u00fcberall in Tirol und S\u00fcdtirol die Berge &#8222;brennen&#8220;. Untertags wurden in Prozessionen Jesus-Statuen durch die D\u00f6rfer getragen und f\u00fcr gutes Wetter und eine reiche Ernte gebetet. Auch die Sch\u00fctzen haben die Prozession begleitet und mit Sch\u00fcssen untermalt. (siehe Video)<\/p>\n<p>Das Fest ist wohl eine Mischung aus dem Johannes- oder Sonnwendfeuer und dem Gedenken an den Sieg der Hofer-Truppen (1796) \u00fcber die Franzosen.<\/p>\n<p>Wer noch mehr dazu lesen will &#8211; kann sich hier weiter informieren: http:\/\/de.wikipedia.org\/wiki\/Herz-Jesu-Feuer<\/p>\n<p>F\u00fcr uns war das heute etwas m\u00fchsam, weil in jedem Dorf die Strasse wegen der Prozessionen gesperrt waren und wir stets warten mussten. So haben wir einige Male f\u00fcr eine reiche Ernte gebetet, gutes \u00a0Wetter herbeigesehnt und am Ende hat es dann doch im Regen in Meran geendet.<\/p>\n<p><video width=\"320\" height=\"240\" src=\"https:\/\/www.leben-atmen.com\/wp-content\/blogs.dir\/4\/files\/2013\/06\/herz_jesu.mov\" controls=\"controls\"><\/video><\/p>\n","protected":false},"excerpt":{"rendered":"<p>Heute ist der 9. Juni und da werden abends \u00fcberall in Tirol und S\u00fcdtirol die Berge &#8222;brennen&#8220;. Untertags wurden in Prozessionen Jesus-Statuen durch die D\u00f6rfer getragen und f\u00fcr gutes Wetter und eine reiche Ernte gebetet. Auch die Sch\u00fctzen haben die &hellip; <a href=\"https:\/\/www.leben-atmen.com\/palermo\/2013\/06\/09\/herz-jesu-prozessionen\/\">Weiterlesen <span class=\"meta-nav\">&rarr;<\/span><\/a><\/p>\n","protected":false},"author":3,"featured_media":0,"comment_status":"open","ping_status":"open","sticky":false,"template":"","format":"standard","meta":{"_jetpack_memberships_contains_paid_content":false,"footnotes":""},"categories":[1],"tags":[],"class_list":["post-457","post","type-post","status-publish","format-standard","hentry","category-allgemein"],"jetpack_featured_media_url":"","jetpack_sharing_enabled":true,"_links":{"self":[{"href":"https:\/\/www.leben-atmen.com\/palermo\/wp-json\/wp\/v2\/posts\/457","targetHints":{"allow":["GET"]}}],"collection":[{"href":"https:\/\/www.leben-atmen.com\/palermo\/wp-json\/wp\/v2\/posts"}],"about":[{"href":"https:\/\/www.leben-atmen.com\/palermo\/wp-json\/wp\/v2\/types\/post"}],"author":[{"embeddable":true,"href":"https:\/\/www.leben-atmen.com\/palermo\/wp-json\/wp\/v2\/users\/3"}],"replies":[{"embeddable":true,"href":"https:\/\/www.leben-atmen.com\/palermo\/wp-json\/wp\/v2\/comments?post=457"}],"version-history":[{"count":1,"href":"https:\/\/www.leben-atmen.com\/palermo\/wp-json\/wp\/v2\/posts\/457\/revisions"}],"predecessor-version":[{"id":459,"href":"https:\/\/www.leben-atmen.com\/palermo\/wp-json\/wp\/v2\/posts\/457\/revisions\/459"}],"wp:attachment":[{"href":"https:\/\/www.leben-atmen.com\/palermo\/wp-json\/wp\/v2\/media?parent=457"}],"wp:term":[{"taxonomy":"category","embeddable":true,"href":"https:\/\/www.leben-atmen.com\/palermo\/wp-json\/wp\/v2\/categories?post=457"},{"taxonomy":"post_tag","embeddable":true,"href":"https:\/\/www.leben-atmen.com\/palermo\/wp-json\/wp\/v2\/tags?post=457"}],"curies":[{"name":"wp","href":"https:\/\/api.w.org\/{rel}","templated":true}]}}