{"id":452,"date":"2013-06-09T12:52:05","date_gmt":"2013-06-09T12:52:05","guid":{"rendered":"https:\/\/www.leben-atmen.com\/palermo\/?p=452"},"modified":"2013-06-09T12:52:51","modified_gmt":"2013-06-09T12:52:51","slug":"abstimmung-meran-oder-bozen","status":"publish","type":"post","link":"https:\/\/www.leben-atmen.com\/palermo\/2013\/06\/09\/abstimmung-meran-oder-bozen\/","title":{"rendered":"Abstimmung: Meran oder Bozen?"},"content":{"rendered":"<p>Ihr m\u00fcsst uns helfen: wir sind uns nicht einig wo wir heute \u00fcber Nacht sein wollen.<\/p>\n<p>Simone m\u00f6chte gern in Meran \u00fcber Nacht bleiben. Ich (Toni) m\u00f6chte gerne in Bozen bleiben. <\/p>\n<p>Wof\u00fcr w\u00fcrdet ihr Euch entscheiden?<\/p>\n<p>Nur den Namen &#8222;Bozen&#8220; oder &#8222;Meran&#8220; als Kommentar abgeben. So k\u00f6nnen wir besser durchz\u00e4hlen!<\/p>\n<p>Bis 16 uhr Kann abgestimmt werden.<\/p>\n","protected":false},"excerpt":{"rendered":"<p>Ihr m\u00fcsst uns helfen: wir sind uns nicht einig wo wir heute \u00fcber Nacht sein wollen. Simone m\u00f6chte gern in Meran \u00fcber Nacht bleiben. Ich (Toni) m\u00f6chte gerne in Bozen bleiben. Wof\u00fcr w\u00fcrdet ihr Euch entscheiden? Nur den Namen &#8222;Bozen&#8220; &hellip; <a href=\"https:\/\/www.leben-atmen.com\/palermo\/2013\/06\/09\/abstimmung-meran-oder-bozen\/\">Weiterlesen <span class=\"meta-nav\">&rarr;<\/span><\/a><\/p>\n","protected":false},"author":3,"featured_media":0,"comment_status":"open","ping_status":"open","sticky":false,"template":"","format":"standard","meta":{"_jetpack_memberships_contains_paid_content":false,"footnotes":""},"categories":[1],"tags":[],"class_list":["post-452","post","type-post","status-publish","format-standard","hentry","category-allgemein"],"jetpack_featured_media_url":"","jetpack_sharing_enabled":true,"_links":{"self":[{"href":"https:\/\/www.leben-atmen.com\/palermo\/wp-json\/wp\/v2\/posts\/452","targetHints":{"allow":["GET"]}}],"collection":[{"href":"https:\/\/www.leben-atmen.com\/palermo\/wp-json\/wp\/v2\/posts"}],"about":[{"href":"https:\/\/www.leben-atmen.com\/palermo\/wp-json\/wp\/v2\/types\/post"}],"author":[{"embeddable":true,"href":"https:\/\/www.leben-atmen.com\/palermo\/wp-json\/wp\/v2\/users\/3"}],"replies":[{"embeddable":true,"href":"https:\/\/www.leben-atmen.com\/palermo\/wp-json\/wp\/v2\/comments?post=452"}],"version-history":[{"count":1,"href":"https:\/\/www.leben-atmen.com\/palermo\/wp-json\/wp\/v2\/posts\/452\/revisions"}],"predecessor-version":[{"id":453,"href":"https:\/\/www.leben-atmen.com\/palermo\/wp-json\/wp\/v2\/posts\/452\/revisions\/453"}],"wp:attachment":[{"href":"https:\/\/www.leben-atmen.com\/palermo\/wp-json\/wp\/v2\/media?parent=452"}],"wp:term":[{"taxonomy":"category","embeddable":true,"href":"https:\/\/www.leben-atmen.com\/palermo\/wp-json\/wp\/v2\/categories?post=452"},{"taxonomy":"post_tag","embeddable":true,"href":"https:\/\/www.leben-atmen.com\/palermo\/wp-json\/wp\/v2\/tags?post=452"}],"curies":[{"name":"wp","href":"https:\/\/api.w.org\/{rel}","templated":true}]}}