{"id":444,"date":"2013-06-09T07:12:21","date_gmt":"2013-06-09T07:12:21","guid":{"rendered":"https:\/\/www.leben-atmen.com\/palermo\/?p=444"},"modified":"2013-06-09T07:12:21","modified_gmt":"2013-06-09T07:12:21","slug":"kunstlicher-reschensee-trifft-liebliche-berge","status":"publish","type":"post","link":"https:\/\/www.leben-atmen.com\/palermo\/2013\/06\/09\/kunstlicher-reschensee-trifft-liebliche-berge\/","title":{"rendered":"K\u00fcnstlicher Reschensee trifft liebliche Berge"},"content":{"rendered":"<p>&#8222;Der\u00a0<b>Reschensee<\/b>\u00a0(italienisch\u00a0<i>Lago di Resia<\/i>) ist ein\u00a0<a title=\"Stausee\" href=\"http:\/\/de.wikipedia.org\/wiki\/Stausee\">Stausee<\/a>\u00a0in der\u00a0<a title=\"Graun im Vinschgau\" href=\"http:\/\/de.wikipedia.org\/wiki\/Graun_im_Vinschgau\">Gemeinde Graun<\/a>\u00a0im westlichen\u00a0<a title=\"S\u00fcdtirol\" href=\"http:\/\/de.wikipedia.org\/wiki\/S%C3%BCdtirol\">S\u00fcdtirol<\/a>. Der k\u00fcnstliche See ist sechs Kilometer lang und an den breitesten Stellen etwa einen Kilometer breit. Die D\u00f6rfer\u00a0<a title=\"Reschen am See\" href=\"http:\/\/de.wikipedia.org\/wiki\/Reschen_am_See\">Reschen<\/a>,\u00a0<a title=\"Graun im Vinschgau\" href=\"http:\/\/de.wikipedia.org\/wiki\/Graun_im_Vinschgau\">Graun<\/a>\u00a0und\u00a0<a title=\"St. Valentin auf der Haide\" href=\"http:\/\/de.wikipedia.org\/wiki\/St._Valentin_auf_der_Haide\">St.\u00a0Valentin auf der Haide<\/a>\u00a0liegen am Reschensee, wobei Reschen, Graun und die Weiler Kaschon (St.\u00a0Valentin) und Spin (Graun) unmittelbar am See liegen.<\/p>\n<p>Am\u00a0<a title=\"Reschenpass\" href=\"http:\/\/de.wikipedia.org\/wiki\/Reschenpass\">Reschenpass<\/a>\u00a0gab es bis zur Seestauung 1950 drei Seen: Den Reschensee, den Mittersee und den\u00a0<a title=\"Haidersee\" href=\"http:\/\/de.wikipedia.org\/wiki\/Haidersee\">Haidersee<\/a>. Bei der Seestauung wurde das gesamte Dorf Graun und ein Gro\u00dfteil des Dorfes Reschen in den Fluten des Stausees versenkt. 163 H\u00e4user wurden zerst\u00f6rt und 523 Hektar an fruchtbarem Kulturboden \u00fcberflutet. Heute zeugt nur noch der aus dem Reschensee ragende\u00a0<a title=\"Kirchturm\" href=\"http:\/\/de.wikipedia.org\/wiki\/Kirchturm\">Kirchturm<\/a>\u00a0vom versunkenen Alt-Graun.<\/p>\n<p>Im Jahr 1939 wurde das erste Projekt aus dem Jahr 1920 zur Aufstauung der Naturseen durch die damalige Regierung von 5 auf 22 Meter ge\u00e4ndert. Die Einwohner wurden im \u201enationalen Interesse zur St\u00e4rkung der nationalen Industrie\u201c zwangsenteignet und zur Aus- oder Umsiedlung gezwungen.&#8220; \u00a0Zitat Wikipedia.<\/p>\n<p>Immer wenn ich hier bin, denke ich an diese grausame &#8222;Tat&#8220;. Der See ist wirklich h\u00e4sslich, aus dem Ufer ragen die k\u00fcnstlichen betonierten Teile hervor. Im Sommer geht das ja noch. Aber im Winter f\u00fchrt der See wenig Wasser und man sieht die &#8222;Innereien&#8220; dieses &#8222;Sees&#8220;. An Beschreibungstafeln am versunkenen Kirchturm im See steht auch, man h\u00e4tte das Projekt einfach durchgedr\u00fcckt zu einer Zeit, wo man die geringe Leistung des Stausees schon lange durch anderes kompensiert h\u00e4tte. Also eine sinnlose Zerst\u00f6rung der Landschaft und Natur wegen Machtinteressen?<\/p>\n<p>Nun ja, wenn ich so zur\u00fcckblicke, der Lech hat nur noch an der Klamm einen nat\u00fcrlichen Lauf, alles andere ist industrialisiert, gestaut, begradigt. Da ist auch nicht viel mit &#8222;Natur&#8220;. Der Mensch macht die Natur zum Untertan und wundert sich dann \u00fcber \u00dcberflutung Nun&#8230;der Reschensee macht mich jedenfalls sehr sehr nachdenklich.<\/p>\n<p><a href=\"https:\/\/www.leben-atmen.com\/wp-content\/blogs.dir\/4\/files\/2013\/06\/reschensee-im-winter.jpg\" data-rel=\"lightbox-image-0\" data-rl_title=\"\" data-rl_caption=\"\" title=\"\"><img decoding=\"async\" class=\"alignnone size-full\" alt=\"\" src=\"https:\/\/www.leben-atmen.com\/wp-content\/blogs.dir\/4\/files\/2013\/06\/reschensee-im-winter.jpg\" \/><\/a>(Das Bild zeigt den Kirchturm im Winter 2012)<\/p>\n<p>&nbsp;<\/p>\n","protected":false},"excerpt":{"rendered":"<p>&#8222;Der\u00a0Reschensee\u00a0(italienisch\u00a0Lago di Resia) ist ein\u00a0Stausee\u00a0in der\u00a0Gemeinde Graun\u00a0im westlichen\u00a0S\u00fcdtirol. Der k\u00fcnstliche See ist sechs Kilometer lang und an den breitesten Stellen etwa einen Kilometer breit. Die D\u00f6rfer\u00a0Reschen,\u00a0Graun\u00a0und\u00a0St.\u00a0Valentin auf der Haide\u00a0liegen am Reschensee, wobei Reschen, Graun und die Weiler Kaschon (St.\u00a0Valentin) und &hellip; <a href=\"https:\/\/www.leben-atmen.com\/palermo\/2013\/06\/09\/kunstlicher-reschensee-trifft-liebliche-berge\/\">Weiterlesen <span class=\"meta-nav\">&rarr;<\/span><\/a><\/p>\n","protected":false},"author":2,"featured_media":0,"comment_status":"open","ping_status":"open","sticky":false,"template":"","format":"standard","meta":{"_jetpack_memberships_contains_paid_content":false,"footnotes":""},"categories":[1],"tags":[],"class_list":["post-444","post","type-post","status-publish","format-standard","hentry","category-allgemein"],"jetpack_featured_media_url":"","jetpack_sharing_enabled":true,"_links":{"self":[{"href":"https:\/\/www.leben-atmen.com\/palermo\/wp-json\/wp\/v2\/posts\/444","targetHints":{"allow":["GET"]}}],"collection":[{"href":"https:\/\/www.leben-atmen.com\/palermo\/wp-json\/wp\/v2\/posts"}],"about":[{"href":"https:\/\/www.leben-atmen.com\/palermo\/wp-json\/wp\/v2\/types\/post"}],"author":[{"embeddable":true,"href":"https:\/\/www.leben-atmen.com\/palermo\/wp-json\/wp\/v2\/users\/2"}],"replies":[{"embeddable":true,"href":"https:\/\/www.leben-atmen.com\/palermo\/wp-json\/wp\/v2\/comments?post=444"}],"version-history":[{"count":2,"href":"https:\/\/www.leben-atmen.com\/palermo\/wp-json\/wp\/v2\/posts\/444\/revisions"}],"predecessor-version":[{"id":448,"href":"https:\/\/www.leben-atmen.com\/palermo\/wp-json\/wp\/v2\/posts\/444\/revisions\/448"}],"wp:attachment":[{"href":"https:\/\/www.leben-atmen.com\/palermo\/wp-json\/wp\/v2\/media?parent=444"}],"wp:term":[{"taxonomy":"category","embeddable":true,"href":"https:\/\/www.leben-atmen.com\/palermo\/wp-json\/wp\/v2\/categories?post=444"},{"taxonomy":"post_tag","embeddable":true,"href":"https:\/\/www.leben-atmen.com\/palermo\/wp-json\/wp\/v2\/tags?post=444"}],"curies":[{"name":"wp","href":"https:\/\/api.w.org\/{rel}","templated":true}]}}