{"id":440,"date":"2013-06-08T17:35:45","date_gmt":"2013-06-08T17:35:45","guid":{"rendered":"https:\/\/www.leben-atmen.com\/palermo\/?p=440"},"modified":"2013-06-08T17:35:45","modified_gmt":"2013-06-08T17:35:45","slug":"vom-sitzen-und-der-menschlichkeit","status":"publish","type":"post","link":"https:\/\/www.leben-atmen.com\/palermo\/2013\/06\/08\/vom-sitzen-und-der-menschlichkeit\/","title":{"rendered":"Vom Sitzen und der Menschlichkeit"},"content":{"rendered":"<p>Ich mache mir Gedanken, wieviel der Mensch so sitzt. Da sitzt er acht Stunden im B\u00fcro, um Mittags eine Stunde in der Kantine zu sitzen, um mit dem Auto oder S-Bahn abends sitzend nach Hause zu fahren, um sitzend zu Abend zu essen und wieder vor den Fernseher zu sitzen. Ich nehme an, morgens wird das Fr\u00fchst\u00fcck im Sitzen eingenommen. In der Freizeit f\u00e4hrt der Mensch dann mit seinem Motorrad sitzend durch die Landschaft, weil er denkt, er bewegt sich. Oder der Bauer schneidet auf seinem Traktor sitzend das Heu, um es auf vollautomatischen B\u00e4ndern in den Stall zu transportieren. Sicher gibt es auch Berufe, wo man k\u00f6rperlich arbeitet, jedoch der moderne Mensch tut es eher weniger.<\/p>\n<p>Nun, wie der Mensch also da so sitzt, auf seinem Allerwertesten, wird er anscheinend nebenbei immer agressiver, was sich zum Beispiel in hitzigen B\u00fcrostreits \u00e4u\u00dfert oder in wilden Stammtischdebatten oder in Ehestreits. Oder der Mensch schreit den Radfahrer vom Motorrad aus sitzend von der Seite an wenn er vorbeibraust: &#8222;Hop Hop Hop \/ langsame Mieze \/ brauchst an Elektromotor&#8220; oder \u00e4hnlichen Schmarrn.<\/p>\n<p>Oder er sitzt im Caf\u00e9, nachdem er sich mit seiner Frau aus dem Cabrio gehievt hat und sie maulen sich an und die Bedienung und Gott und die Welt.<\/p>\n<p>Ob es einen Zusammenhang gibt zwischen der zwischenmenschlichen Aggression und dem Bewegungsmangel, den unsere Zeit und Freizeit wohl so mit sich bringt?<\/p>\n<p><a href=\"https:\/\/www.leben-atmen.com\/wp-content\/blogs.dir\/4\/files\/2013\/06\/Marterl.jpg\" data-rel=\"lightbox-image-0\" data-rl_title=\"\" data-rl_caption=\"\" title=\"\"><img decoding=\"async\" class=\"alignnone size-full\" alt=\"\" src=\"https:\/\/www.leben-atmen.com\/wp-content\/blogs.dir\/4\/files\/2013\/06\/Marterl.jpg\" \/><\/a><\/p>\n","protected":false},"excerpt":{"rendered":"<p>Ich mache mir Gedanken, wieviel der Mensch so sitzt. Da sitzt er acht Stunden im B\u00fcro, um Mittags eine Stunde in der Kantine zu sitzen, um mit dem Auto oder S-Bahn abends sitzend nach Hause zu fahren, um sitzend zu &hellip; <a href=\"https:\/\/www.leben-atmen.com\/palermo\/2013\/06\/08\/vom-sitzen-und-der-menschlichkeit\/\">Weiterlesen <span class=\"meta-nav\">&rarr;<\/span><\/a><\/p>\n","protected":false},"author":2,"featured_media":0,"comment_status":"open","ping_status":"open","sticky":false,"template":"","format":"standard","meta":{"_jetpack_memberships_contains_paid_content":false,"footnotes":""},"categories":[1],"tags":[],"class_list":["post-440","post","type-post","status-publish","format-standard","hentry","category-allgemein"],"jetpack_featured_media_url":"","jetpack_sharing_enabled":true,"_links":{"self":[{"href":"https:\/\/www.leben-atmen.com\/palermo\/wp-json\/wp\/v2\/posts\/440","targetHints":{"allow":["GET"]}}],"collection":[{"href":"https:\/\/www.leben-atmen.com\/palermo\/wp-json\/wp\/v2\/posts"}],"about":[{"href":"https:\/\/www.leben-atmen.com\/palermo\/wp-json\/wp\/v2\/types\/post"}],"author":[{"embeddable":true,"href":"https:\/\/www.leben-atmen.com\/palermo\/wp-json\/wp\/v2\/users\/2"}],"replies":[{"embeddable":true,"href":"https:\/\/www.leben-atmen.com\/palermo\/wp-json\/wp\/v2\/comments?post=440"}],"version-history":[{"count":1,"href":"https:\/\/www.leben-atmen.com\/palermo\/wp-json\/wp\/v2\/posts\/440\/revisions"}],"predecessor-version":[{"id":442,"href":"https:\/\/www.leben-atmen.com\/palermo\/wp-json\/wp\/v2\/posts\/440\/revisions\/442"}],"wp:attachment":[{"href":"https:\/\/www.leben-atmen.com\/palermo\/wp-json\/wp\/v2\/media?parent=440"}],"wp:term":[{"taxonomy":"category","embeddable":true,"href":"https:\/\/www.leben-atmen.com\/palermo\/wp-json\/wp\/v2\/categories?post=440"},{"taxonomy":"post_tag","embeddable":true,"href":"https:\/\/www.leben-atmen.com\/palermo\/wp-json\/wp\/v2\/tags?post=440"}],"curies":[{"name":"wp","href":"https:\/\/api.w.org\/{rel}","templated":true}]}}