{"id":435,"date":"2013-06-08T16:43:09","date_gmt":"2013-06-08T16:43:09","guid":{"rendered":"https:\/\/www.leben-atmen.com\/palermo\/?p=435"},"modified":"2013-06-08T16:43:09","modified_gmt":"2013-06-08T16:43:09","slug":"warum-ich-die-radtour-mache","status":"publish","type":"post","link":"https:\/\/www.leben-atmen.com\/palermo\/2013\/06\/08\/warum-ich-die-radtour-mache\/","title":{"rendered":"Warum ich die Radtour mache&#8230;"},"content":{"rendered":"<p>&#8230; ich will ganz ehrlich sein. Es gibt f\u00fcr mich jede Menge Gr\u00fcnde &#8211; sicher andere als Simone sie hat.<\/p>\n<p>Meine 10 Top-Gr\u00fcnde:<\/p>\n<p>&nbsp;<\/p>\n<p>1. Ich f\u00fchle mich einfach wohl, wenn ich mich bewege.<\/p>\n<p>2. Es ist f\u00fcr mich so sch\u00f6n, wenn ich untertags etwas tue und so abends richtig Lust und Vorfreude aufs Essen habe.<\/p>\n<p>3. Ich habe leichten Bluthochdruck &#8211; nicht dramatisch &#8211; aber immerhin. Und da ist Bewegung richtig gut. Ich kann so meinen Ruhepuls auf ca. 50 Schl\u00e4ge bringen und dabei gehts mir gut.<\/p>\n<p>4. Einfach entschleunigen: Wir sind beruflich IT-Leute und da gehts nahezu jeden Tag rund &#8211; immer und immer was Neues. Hier auf der Radreise ist es f\u00fcr mich viel gem\u00fctlicher.<\/p>\n<p>5. Ich wollte schon immer mal mit dem Rad nach Zams, nach Meran, nach Florenz etc. fahren. Ich erf\u00fclle mir also meinen Traum.<\/p>\n<p>6. Ich lerne Europa kennen, denn ich liebe Europa. Da gibt es \u00fcberall soviel zu sehen und zu entdecken und soviele Kulturen sind dicht beieinander &#8211; das ist superspannend.<\/p>\n<p>7. Mit dem Radl komme ich viel schneller voran also zu Fu\u00df. Im Schnitt sind mit dem Radl in 1 Woche ca. 500 km machbar. Und so kann man in 2-3 Wochen ziemlich weit von zu Hause wegkommen&#8230;<\/p>\n<p>8. Es ist absolut faszinierend, wieviele Menschen man unterwegs trifft und kennenlernt. Und eines habe ich schon aus den vorherigen Touren gelernt: Man ist nirgends aufgeschmissen &#8211; immer gibt es freundliche Menschen, die helfen,wenn Not am Mann ist.<\/p>\n<p>9. Bei einer Tour lebe ich jeden Tag neu einfach so in den Tag hinein. Morgens ist oftmals unklar, wo man bis Abend hinkommt und wie der Tag eben so verl\u00e4uft. Jeder Tag hat seine \u00dcberraschungen und das ist immer wieder spannend.<\/p>\n<p>10. Ich liebe es, mit meiner Simone solche Reisen zu unternehmen &#8211; Simone: Du bist meine Lebensliebe!<\/p>\n","protected":false},"excerpt":{"rendered":"<p>&#8230; ich will ganz ehrlich sein. Es gibt f\u00fcr mich jede Menge Gr\u00fcnde &#8211; sicher andere als Simone sie hat. Meine 10 Top-Gr\u00fcnde: &nbsp; 1. Ich f\u00fchle mich einfach wohl, wenn ich mich bewege. 2. Es ist f\u00fcr mich so &hellip; <a href=\"https:\/\/www.leben-atmen.com\/palermo\/2013\/06\/08\/warum-ich-die-radtour-mache\/\">Weiterlesen <span class=\"meta-nav\">&rarr;<\/span><\/a><\/p>\n","protected":false},"author":3,"featured_media":0,"comment_status":"open","ping_status":"open","sticky":false,"template":"","format":"standard","meta":{"_jetpack_memberships_contains_paid_content":false,"footnotes":""},"categories":[1],"tags":[],"class_list":["post-435","post","type-post","status-publish","format-standard","hentry","category-allgemein"],"jetpack_featured_media_url":"","jetpack_sharing_enabled":true,"_links":{"self":[{"href":"https:\/\/www.leben-atmen.com\/palermo\/wp-json\/wp\/v2\/posts\/435","targetHints":{"allow":["GET"]}}],"collection":[{"href":"https:\/\/www.leben-atmen.com\/palermo\/wp-json\/wp\/v2\/posts"}],"about":[{"href":"https:\/\/www.leben-atmen.com\/palermo\/wp-json\/wp\/v2\/types\/post"}],"author":[{"embeddable":true,"href":"https:\/\/www.leben-atmen.com\/palermo\/wp-json\/wp\/v2\/users\/3"}],"replies":[{"embeddable":true,"href":"https:\/\/www.leben-atmen.com\/palermo\/wp-json\/wp\/v2\/comments?post=435"}],"version-history":[{"count":2,"href":"https:\/\/www.leben-atmen.com\/palermo\/wp-json\/wp\/v2\/posts\/435\/revisions"}],"predecessor-version":[{"id":436,"href":"https:\/\/www.leben-atmen.com\/palermo\/wp-json\/wp\/v2\/posts\/435\/revisions\/436"}],"wp:attachment":[{"href":"https:\/\/www.leben-atmen.com\/palermo\/wp-json\/wp\/v2\/media?parent=435"}],"wp:term":[{"taxonomy":"category","embeddable":true,"href":"https:\/\/www.leben-atmen.com\/palermo\/wp-json\/wp\/v2\/categories?post=435"},{"taxonomy":"post_tag","embeddable":true,"href":"https:\/\/www.leben-atmen.com\/palermo\/wp-json\/wp\/v2\/tags?post=435"}],"curies":[{"name":"wp","href":"https:\/\/api.w.org\/{rel}","templated":true}]}}