{"id":419,"date":"2013-06-08T10:33:51","date_gmt":"2013-06-08T10:33:51","guid":{"rendered":"https:\/\/www.leben-atmen.com\/palermo\/?p=419"},"modified":"2013-06-08T10:33:51","modified_gmt":"2013-06-08T10:33:51","slug":"getranke-lippert-aichach","status":"publish","type":"post","link":"https:\/\/www.leben-atmen.com\/palermo\/2013\/06\/08\/getranke-lippert-aichach\/","title":{"rendered":"Getr\u00e4nke Lippert Aichach"},"content":{"rendered":"<p>Ein Hinweis in eigener Sache: Spontan unterst\u00fctzt Getr\u00e4nke Lippert unsere Aktion mit einer Sammelbox, und Ralfs Foto, sowie unserer Reisebeschreibung wurde aufgestellt. Das finden wir total super! Das war eine spontan Aktion. Dank in die Heimat!!<\/p>\n<p><a href=\"https:\/\/www.leben-atmen.com\/wp-content\/blogs.dir\/4\/files\/2013\/06\/20130608-123342.jpg\" data-rel=\"lightbox-image-0\" data-rl_title=\"\" data-rl_caption=\"\" title=\"\"><img decoding=\"async\" src=\"https:\/\/www.leben-atmen.com\/wp-content\/blogs.dir\/4\/files\/2013\/06\/20130608-123342.jpg\" alt=\"20130608-123342.jpg\" class=\"alignnone size-full\" \/><\/a><\/p>\n","protected":false},"excerpt":{"rendered":"<p>Ein Hinweis in eigener Sache: Spontan unterst\u00fctzt Getr\u00e4nke Lippert unsere Aktion mit einer Sammelbox, und Ralfs Foto, sowie unserer Reisebeschreibung wurde aufgestellt. Das finden wir total super! Das war eine spontan Aktion. Dank in die Heimat!!<\/p>\n","protected":false},"author":2,"featured_media":0,"comment_status":"open","ping_status":"open","sticky":false,"template":"","format":"standard","meta":{"_jetpack_memberships_contains_paid_content":false,"footnotes":""},"categories":[1],"tags":[],"class_list":["post-419","post","type-post","status-publish","format-standard","hentry","category-allgemein"],"jetpack_featured_media_url":"","jetpack_sharing_enabled":true,"_links":{"self":[{"href":"https:\/\/www.leben-atmen.com\/palermo\/wp-json\/wp\/v2\/posts\/419","targetHints":{"allow":["GET"]}}],"collection":[{"href":"https:\/\/www.leben-atmen.com\/palermo\/wp-json\/wp\/v2\/posts"}],"about":[{"href":"https:\/\/www.leben-atmen.com\/palermo\/wp-json\/wp\/v2\/types\/post"}],"author":[{"embeddable":true,"href":"https:\/\/www.leben-atmen.com\/palermo\/wp-json\/wp\/v2\/users\/2"}],"replies":[{"embeddable":true,"href":"https:\/\/www.leben-atmen.com\/palermo\/wp-json\/wp\/v2\/comments?post=419"}],"version-history":[{"count":0,"href":"https:\/\/www.leben-atmen.com\/palermo\/wp-json\/wp\/v2\/posts\/419\/revisions"}],"wp:attachment":[{"href":"https:\/\/www.leben-atmen.com\/palermo\/wp-json\/wp\/v2\/media?parent=419"}],"wp:term":[{"taxonomy":"category","embeddable":true,"href":"https:\/\/www.leben-atmen.com\/palermo\/wp-json\/wp\/v2\/categories?post=419"},{"taxonomy":"post_tag","embeddable":true,"href":"https:\/\/www.leben-atmen.com\/palermo\/wp-json\/wp\/v2\/tags?post=419"}],"curies":[{"name":"wp","href":"https:\/\/api.w.org\/{rel}","templated":true}]}}