{"id":415,"date":"2013-06-08T08:40:29","date_gmt":"2013-06-08T08:40:29","guid":{"rendered":"https:\/\/www.leben-atmen.com\/palermo\/?p=415"},"modified":"2013-06-08T08:40:29","modified_gmt":"2013-06-08T08:40:29","slug":"hammerpanorama","status":"publish","type":"post","link":"https:\/\/www.leben-atmen.com\/palermo\/2013\/06\/08\/hammerpanorama\/","title":{"rendered":"Hammerpanorama"},"content":{"rendered":"<p>Wir fahren beim sch\u00f6nsten Wetter dem Reschenpass entgegen, und es ist einfach nur herrlich. Idylle pur, mit K\u00fchen und Kuhglocken, und sch\u00f6nen schneebedeckten Bergen, und wolkenloser Himmel. Wow!<\/p>\n<p><a href=\"https:\/\/www.leben-atmen.com\/wp-content\/blogs.dir\/4\/files\/2013\/06\/20130608-104020.jpg\" data-rel=\"lightbox-image-0\" data-rl_title=\"\" data-rl_caption=\"\" title=\"\"><img decoding=\"async\" src=\"https:\/\/www.leben-atmen.com\/wp-content\/blogs.dir\/4\/files\/2013\/06\/20130608-104020.jpg\" alt=\"20130608-104020.jpg\" class=\"alignnone size-full\" \/><\/a><\/p>\n","protected":false},"excerpt":{"rendered":"<p>Wir fahren beim sch\u00f6nsten Wetter dem Reschenpass entgegen, und es ist einfach nur herrlich. Idylle pur, mit K\u00fchen und Kuhglocken, und sch\u00f6nen schneebedeckten Bergen, und wolkenloser Himmel. Wow!<\/p>\n","protected":false},"author":2,"featured_media":0,"comment_status":"open","ping_status":"open","sticky":false,"template":"","format":"standard","meta":{"_jetpack_memberships_contains_paid_content":false,"footnotes":""},"categories":[1],"tags":[],"class_list":["post-415","post","type-post","status-publish","format-standard","hentry","category-allgemein"],"jetpack_featured_media_url":"","jetpack_sharing_enabled":true,"_links":{"self":[{"href":"https:\/\/www.leben-atmen.com\/palermo\/wp-json\/wp\/v2\/posts\/415","targetHints":{"allow":["GET"]}}],"collection":[{"href":"https:\/\/www.leben-atmen.com\/palermo\/wp-json\/wp\/v2\/posts"}],"about":[{"href":"https:\/\/www.leben-atmen.com\/palermo\/wp-json\/wp\/v2\/types\/post"}],"author":[{"embeddable":true,"href":"https:\/\/www.leben-atmen.com\/palermo\/wp-json\/wp\/v2\/users\/2"}],"replies":[{"embeddable":true,"href":"https:\/\/www.leben-atmen.com\/palermo\/wp-json\/wp\/v2\/comments?post=415"}],"version-history":[{"count":0,"href":"https:\/\/www.leben-atmen.com\/palermo\/wp-json\/wp\/v2\/posts\/415\/revisions"}],"wp:attachment":[{"href":"https:\/\/www.leben-atmen.com\/palermo\/wp-json\/wp\/v2\/media?parent=415"}],"wp:term":[{"taxonomy":"category","embeddable":true,"href":"https:\/\/www.leben-atmen.com\/palermo\/wp-json\/wp\/v2\/categories?post=415"},{"taxonomy":"post_tag","embeddable":true,"href":"https:\/\/www.leben-atmen.com\/palermo\/wp-json\/wp\/v2\/tags?post=415"}],"curies":[{"name":"wp","href":"https:\/\/api.w.org\/{rel}","templated":true}]}}