{"id":413,"date":"2013-06-08T07:02:27","date_gmt":"2013-06-08T07:02:27","guid":{"rendered":"https:\/\/www.leben-atmen.com\/palermo\/?p=413"},"modified":"2013-06-08T07:02:27","modified_gmt":"2013-06-08T07:02:27","slug":"und-los-gehts-reschenpass-italien","status":"publish","type":"post","link":"https:\/\/www.leben-atmen.com\/palermo\/2013\/06\/08\/und-los-gehts-reschenpass-italien\/","title":{"rendered":"Und los gehts: Reschenpass &#8211; Italien"},"content":{"rendered":"<p>Heute steht die n\u00e4chste Passetappe an: \u00fcber den Reschenpass geht es hin\u00fcber nach Italien. Wir haben strahlendes Wetter die Sonne scheint von einem wolkenlosen Himmel.<br \/>\nDas Foto zeigt \u00fcbrigens den isoliert stehenden Kirchturm von Zams. <\/p>\n<p><a href=\"https:\/\/www.leben-atmen.com\/wp-content\/blogs.dir\/4\/files\/2013\/06\/20130608-090218.jpg\" data-rel=\"lightbox-image-0\" data-rl_title=\"\" data-rl_caption=\"\" title=\"\"><img decoding=\"async\" src=\"https:\/\/www.leben-atmen.com\/wp-content\/blogs.dir\/4\/files\/2013\/06\/20130608-090218.jpg\" alt=\"20130608-090218.jpg\" class=\"alignnone size-full\" \/><\/a><\/p>\n","protected":false},"excerpt":{"rendered":"<p>Heute steht die n\u00e4chste Passetappe an: \u00fcber den Reschenpass geht es hin\u00fcber nach Italien. Wir haben strahlendes Wetter die Sonne scheint von einem wolkenlosen Himmel. Das Foto zeigt \u00fcbrigens den isoliert stehenden Kirchturm von Zams.<\/p>\n","protected":false},"author":3,"featured_media":0,"comment_status":"open","ping_status":"open","sticky":false,"template":"","format":"standard","meta":{"_jetpack_memberships_contains_paid_content":false,"footnotes":""},"categories":[1],"tags":[],"class_list":["post-413","post","type-post","status-publish","format-standard","hentry","category-allgemein"],"jetpack_featured_media_url":"","jetpack_sharing_enabled":true,"_links":{"self":[{"href":"https:\/\/www.leben-atmen.com\/palermo\/wp-json\/wp\/v2\/posts\/413","targetHints":{"allow":["GET"]}}],"collection":[{"href":"https:\/\/www.leben-atmen.com\/palermo\/wp-json\/wp\/v2\/posts"}],"about":[{"href":"https:\/\/www.leben-atmen.com\/palermo\/wp-json\/wp\/v2\/types\/post"}],"author":[{"embeddable":true,"href":"https:\/\/www.leben-atmen.com\/palermo\/wp-json\/wp\/v2\/users\/3"}],"replies":[{"embeddable":true,"href":"https:\/\/www.leben-atmen.com\/palermo\/wp-json\/wp\/v2\/comments?post=413"}],"version-history":[{"count":0,"href":"https:\/\/www.leben-atmen.com\/palermo\/wp-json\/wp\/v2\/posts\/413\/revisions"}],"wp:attachment":[{"href":"https:\/\/www.leben-atmen.com\/palermo\/wp-json\/wp\/v2\/media?parent=413"}],"wp:term":[{"taxonomy":"category","embeddable":true,"href":"https:\/\/www.leben-atmen.com\/palermo\/wp-json\/wp\/v2\/categories?post=413"},{"taxonomy":"post_tag","embeddable":true,"href":"https:\/\/www.leben-atmen.com\/palermo\/wp-json\/wp\/v2\/tags?post=413"}],"curies":[{"name":"wp","href":"https:\/\/api.w.org\/{rel}","templated":true}]}}