{"id":407,"date":"2013-06-07T17:10:09","date_gmt":"2013-06-07T17:10:09","guid":{"rendered":"https:\/\/www.leben-atmen.com\/palermo\/?p=407"},"modified":"2013-06-07T17:10:09","modified_gmt":"2013-06-07T17:10:09","slug":"1-versteigerung-zugunsten-ein-rad-fur-ralf","status":"publish","type":"post","link":"https:\/\/www.leben-atmen.com\/palermo\/2013\/06\/07\/1-versteigerung-zugunsten-ein-rad-fur-ralf\/","title":{"rendered":"1. Versteigerung zugunsten &#8222;Ein Rad f\u00fcr Ralf&#8220;"},"content":{"rendered":"<p>Wie angek\u00fcndigt m\u00f6chten wir unsere Spendenfahrt anreichern durch Verlosungen, R\u00e4tsel und Versteigerungen.<\/p>\n<p>Da wir ja in der kulinarischen Hochburg von Sepp Haueis gastieren, passt dieser erste Preis wunderbar zu Zams.<\/p>\n<p>Der amac-buch Verlag stiftet eine &#8222;Apfeltasche&#8220; im Gesamtwert von \u00fcber \u20ac 50.\u2013 . In dem hochwertigen Jutebeutel mit dem Goldenen-Taxi-Emblem, alles handgefertigt und &#8222;Made in Germany&#8220;, befinden sich zwei Kochb\u00fccher. Unser &#8222;Mein Wittelsbacher Land Kochbuch&#8220; und &#8222;Tolle Gerichte f\u00fcr wenig Geld&#8220;.<\/p>\n<p>Der H\u00f6chstbietende bekommt die Tasche mit den beiden B\u00fcchern kostenfrei zugesendet. (au\u00dfer Schweiz)<\/p>\n<p>Wie funktioniert die Versteigerung? In diesem Beitrag werden die Kommentare mit den Geboten erwartet. Wir starten bei \u20ac 5,\u2013.<\/p>\n<p>Die Mindesterh\u00f6hung betr\u00e4gt \u20ac 1,\u2013. Man kann aber auch mehr als einen Euro \u00fcber das letzte Gebot bieten.<\/p>\n<p>Derjenige, der den Kommentar mit dem h\u00f6chsten Gebot abgibt, bekommt die Apfeltasche samt Inhalt.<\/p>\n<p>Der Steigernde kann unter seinem (oder einem anderen) &#8222;Nicknamen&#8220; bieten, ohne seine Daten \u00f6ffentlich preiszugeben. (\u00dcbrigens muss man auch zum Verfassen eines Kommentars keine E-Mail-Adresse angeben).<\/p>\n<p>Der H\u00f6chstbietende wendet sich nach Abschluss der Aktion mit seinen Kontaktdaten an info@amac-buch.de und \u00fcberweist sein Gebot auf unser Spendenkonto.<\/p>\n<p>Dann senden wir die Apfeltasche umgehend an den\/die gl\u00fcckliche\/n Besitzer\/in.<\/p>\n<p>Wir verwenden die Adresse rein zum Zwecke der Versendung der Tasche und der Besitzer bleibt auch f\u00fcr den Blog anonym.<\/p>\n<p>Die Aktion l\u00e4uft bis zum Montag, 10.6.2013, 20 Uhr.\u00a0 Wir w\u00fcnschen ab sofort Spa\u00df beim Steigern!<\/p>\n<p>(P.S.\u00a0 Andere Kommentare als Gebote werden in diesem Beitrag entfernt).<\/p>\n<p><a href=\"https:\/\/www.leben-atmen.com\/wp-content\/blogs.dir\/4\/files\/2013\/06\/Apfeltasche-Kochen.jpg\" data-rel=\"lightbox-image-0\" data-rl_title=\"\" data-rl_caption=\"\" title=\"\"><img decoding=\"async\" class=\"alignnone size-full\" alt=\"\" src=\"https:\/\/www.leben-atmen.com\/wp-content\/blogs.dir\/4\/files\/2013\/06\/Apfeltasche-Kochen.jpg\" \/><\/a><\/p>\n","protected":false},"excerpt":{"rendered":"<p>Wie angek\u00fcndigt m\u00f6chten wir unsere Spendenfahrt anreichern durch Verlosungen, R\u00e4tsel und Versteigerungen. Da wir ja in der kulinarischen Hochburg von Sepp Haueis gastieren, passt dieser erste Preis wunderbar zu Zams. Der amac-buch Verlag stiftet eine &#8222;Apfeltasche&#8220; im Gesamtwert von \u00fcber &hellip; <a href=\"https:\/\/www.leben-atmen.com\/palermo\/2013\/06\/07\/1-versteigerung-zugunsten-ein-rad-fur-ralf\/\">Weiterlesen <span class=\"meta-nav\">&rarr;<\/span><\/a><\/p>\n","protected":false},"author":2,"featured_media":0,"comment_status":"open","ping_status":"open","sticky":false,"template":"","format":"standard","meta":{"_jetpack_memberships_contains_paid_content":false,"footnotes":""},"categories":[1],"tags":[],"class_list":["post-407","post","type-post","status-publish","format-standard","hentry","category-allgemein"],"jetpack_featured_media_url":"","jetpack_sharing_enabled":true,"_links":{"self":[{"href":"https:\/\/www.leben-atmen.com\/palermo\/wp-json\/wp\/v2\/posts\/407","targetHints":{"allow":["GET"]}}],"collection":[{"href":"https:\/\/www.leben-atmen.com\/palermo\/wp-json\/wp\/v2\/posts"}],"about":[{"href":"https:\/\/www.leben-atmen.com\/palermo\/wp-json\/wp\/v2\/types\/post"}],"author":[{"embeddable":true,"href":"https:\/\/www.leben-atmen.com\/palermo\/wp-json\/wp\/v2\/users\/2"}],"replies":[{"embeddable":true,"href":"https:\/\/www.leben-atmen.com\/palermo\/wp-json\/wp\/v2\/comments?post=407"}],"version-history":[{"count":1,"href":"https:\/\/www.leben-atmen.com\/palermo\/wp-json\/wp\/v2\/posts\/407\/revisions"}],"predecessor-version":[{"id":409,"href":"https:\/\/www.leben-atmen.com\/palermo\/wp-json\/wp\/v2\/posts\/407\/revisions\/409"}],"wp:attachment":[{"href":"https:\/\/www.leben-atmen.com\/palermo\/wp-json\/wp\/v2\/media?parent=407"}],"wp:term":[{"taxonomy":"category","embeddable":true,"href":"https:\/\/www.leben-atmen.com\/palermo\/wp-json\/wp\/v2\/categories?post=407"},{"taxonomy":"post_tag","embeddable":true,"href":"https:\/\/www.leben-atmen.com\/palermo\/wp-json\/wp\/v2\/tags?post=407"}],"curies":[{"name":"wp","href":"https:\/\/api.w.org\/{rel}","templated":true}]}}