{"id":397,"date":"2013-06-07T10:02:52","date_gmt":"2013-06-07T10:02:52","guid":{"rendered":"https:\/\/www.leben-atmen.com\/palermo\/?p=397"},"modified":"2013-06-07T10:02:52","modified_gmt":"2013-06-07T10:02:52","slug":"umfrage-bitte-alle-antworten","status":"publish","type":"post","link":"https:\/\/www.leben-atmen.com\/palermo\/2013\/06\/07\/umfrage-bitte-alle-antworten\/","title":{"rendered":"Umfrage &#8211; bitte alle antworten"},"content":{"rendered":"<p>Wie verfolgt Ihr unsere Reise? Wie Ihr sicher wisst, gibt es mehrere M\u00f6glichkeiten, unsere Reise mitzuerleben. Es w\u00e4re f\u00fcr uns interessant zu wissen, welches Medium Ihr verwendet. Wir freuen uns \u00fcber Eure Antworten &#8211; und nat\u00fcrlich k\u00f6nnt Ihr auch Mehfachnennungen abgeben. <\/p>\n<p>a) iPhone-App<br \/>\nb) iPad-App<br \/>\nc) Webseite: http:\/\/blog.leben-atmen.com<br \/>\nd) via Facebook<br \/>\ne) Twitter: @lebenatmen<\/p>\n","protected":false},"excerpt":{"rendered":"<p>Wie verfolgt Ihr unsere Reise? Wie Ihr sicher wisst, gibt es mehrere M\u00f6glichkeiten, unsere Reise mitzuerleben. Es w\u00e4re f\u00fcr uns interessant zu wissen, welches Medium Ihr verwendet. Wir freuen uns \u00fcber Eure Antworten &#8211; und nat\u00fcrlich k\u00f6nnt Ihr auch Mehfachnennungen &hellip; <a href=\"https:\/\/www.leben-atmen.com\/palermo\/2013\/06\/07\/umfrage-bitte-alle-antworten\/\">Weiterlesen <span class=\"meta-nav\">&rarr;<\/span><\/a><\/p>\n","protected":false},"author":3,"featured_media":0,"comment_status":"open","ping_status":"open","sticky":false,"template":"","format":"standard","meta":{"_jetpack_memberships_contains_paid_content":false,"footnotes":""},"categories":[1],"tags":[],"class_list":["post-397","post","type-post","status-publish","format-standard","hentry","category-allgemein"],"jetpack_featured_media_url":"","jetpack_sharing_enabled":true,"_links":{"self":[{"href":"https:\/\/www.leben-atmen.com\/palermo\/wp-json\/wp\/v2\/posts\/397","targetHints":{"allow":["GET"]}}],"collection":[{"href":"https:\/\/www.leben-atmen.com\/palermo\/wp-json\/wp\/v2\/posts"}],"about":[{"href":"https:\/\/www.leben-atmen.com\/palermo\/wp-json\/wp\/v2\/types\/post"}],"author":[{"embeddable":true,"href":"https:\/\/www.leben-atmen.com\/palermo\/wp-json\/wp\/v2\/users\/3"}],"replies":[{"embeddable":true,"href":"https:\/\/www.leben-atmen.com\/palermo\/wp-json\/wp\/v2\/comments?post=397"}],"version-history":[{"count":0,"href":"https:\/\/www.leben-atmen.com\/palermo\/wp-json\/wp\/v2\/posts\/397\/revisions"}],"wp:attachment":[{"href":"https:\/\/www.leben-atmen.com\/palermo\/wp-json\/wp\/v2\/media?parent=397"}],"wp:term":[{"taxonomy":"category","embeddable":true,"href":"https:\/\/www.leben-atmen.com\/palermo\/wp-json\/wp\/v2\/categories?post=397"},{"taxonomy":"post_tag","embeddable":true,"href":"https:\/\/www.leben-atmen.com\/palermo\/wp-json\/wp\/v2\/tags?post=397"}],"curies":[{"name":"wp","href":"https:\/\/api.w.org\/{rel}","templated":true}]}}