{"id":368,"date":"2013-06-05T18:02:03","date_gmt":"2013-06-05T18:02:03","guid":{"rendered":"https:\/\/www.leben-atmen.com\/palermo\/?p=368"},"modified":"2013-06-05T18:02:03","modified_gmt":"2013-06-05T18:02:03","slug":"beitrage","status":"publish","type":"post","link":"https:\/\/www.leben-atmen.com\/palermo\/2013\/06\/05\/beitrage\/","title":{"rendered":"Beitr\u00e4ge"},"content":{"rendered":"<p>Viele Gedanken gehen einem durch den Kopf, wenn man t\u00e4glich einen Blog f\u00fcttert. Man macht sich den ganzen Tag \u00fcber schon geistige Notizen. Meistens ist es ein kleiner Anlass und dann geht die M\u00fchle da oben los und arbeitet und formuliert. Allerdings f\u00e4llt es mir heute schwer, ein Thema zu fokussieren. Wie w\u00e4re es, einen Bericht \u00fcber den un\u00fcbertroffen tollen Radweg am Lech entlang zu schreiben? Oder soll ich doch von den drei Bierdipfis schreiben, die mir meinen Nachmittagskuchen durch ihre dummen Spr\u00fcche verg\u00e4llt haben? Oder soll ich von der unglaublich sch\u00f6nen Tour schreiben, die wir nachmittags gehabt haben, schl\u00e4ngelnde Wege, Wiesen, Natur, Wahnsinnsaussichten auf bayerische Landschaften? Oder soll ich von meiner nimmer enden wollenden Stimme, eine B\u00e4uerin werden zu wollen, sinnieren? Oder von Tonis Panne (Speichen locker) und dem komischen Fahrradtandler, der es reparieren wollte, und ein frisch blutendes Loch im Kopf hatte? Da gibt es hier in F\u00fcssen noch die K\u00f6nigsschl\u00f6sser, K\u00f6nig Ludwigs Geschichte w\u00fcrde allein den ganzen Blog f\u00fcllen&#8230;.<\/p>\n<p>So sichte ich jeden Abend an die 100 Bilder, die wir geknipst haben und muss mich f\u00fcr eines, das meinen Beitrag zieren soll, jeden Tag entscheiden. Ja, da mein Eintrag kein konkretes Thema hat\u00a0nehme ich einfach das, was mich an diesem Tage am meisten erfrischt hat: Am Lech fanden wir heute morgen eine Kneippanlage und ich kam an der einfach nicht vorbei!<\/p>\n<p>P.S. Schaut auch ruhig mal in die Bildergalerie vorbei, dort lade ich t\u00e4glich Bilder vom Tag hoch.<\/p>\n<p><a href=\"https:\/\/www.leben-atmen.com\/wp-content\/blogs.dir\/4\/files\/2013\/06\/ich-kneipe.jpg\" data-rel=\"lightbox-image-0\" data-rl_title=\"\" data-rl_caption=\"\" title=\"\"><img decoding=\"async\" class=\"alignnone size-full\" alt=\"\" src=\"https:\/\/www.leben-atmen.com\/wp-content\/blogs.dir\/4\/files\/2013\/06\/ich-kneipe.jpg\" \/><\/a><\/p>\n","protected":false},"excerpt":{"rendered":"<p>Viele Gedanken gehen einem durch den Kopf, wenn man t\u00e4glich einen Blog f\u00fcttert. Man macht sich den ganzen Tag \u00fcber schon geistige Notizen. Meistens ist es ein kleiner Anlass und dann geht die M\u00fchle da oben los und arbeitet und &hellip; <a href=\"https:\/\/www.leben-atmen.com\/palermo\/2013\/06\/05\/beitrage\/\">Weiterlesen <span class=\"meta-nav\">&rarr;<\/span><\/a><\/p>\n","protected":false},"author":2,"featured_media":0,"comment_status":"open","ping_status":"open","sticky":false,"template":"","format":"standard","meta":{"_jetpack_memberships_contains_paid_content":false,"footnotes":""},"categories":[1],"tags":[],"class_list":["post-368","post","type-post","status-publish","format-standard","hentry","category-allgemein"],"jetpack_featured_media_url":"","jetpack_sharing_enabled":true,"_links":{"self":[{"href":"https:\/\/www.leben-atmen.com\/palermo\/wp-json\/wp\/v2\/posts\/368","targetHints":{"allow":["GET"]}}],"collection":[{"href":"https:\/\/www.leben-atmen.com\/palermo\/wp-json\/wp\/v2\/posts"}],"about":[{"href":"https:\/\/www.leben-atmen.com\/palermo\/wp-json\/wp\/v2\/types\/post"}],"author":[{"embeddable":true,"href":"https:\/\/www.leben-atmen.com\/palermo\/wp-json\/wp\/v2\/users\/2"}],"replies":[{"embeddable":true,"href":"https:\/\/www.leben-atmen.com\/palermo\/wp-json\/wp\/v2\/comments?post=368"}],"version-history":[{"count":1,"href":"https:\/\/www.leben-atmen.com\/palermo\/wp-json\/wp\/v2\/posts\/368\/revisions"}],"predecessor-version":[{"id":370,"href":"https:\/\/www.leben-atmen.com\/palermo\/wp-json\/wp\/v2\/posts\/368\/revisions\/370"}],"wp:attachment":[{"href":"https:\/\/www.leben-atmen.com\/palermo\/wp-json\/wp\/v2\/media?parent=368"}],"wp:term":[{"taxonomy":"category","embeddable":true,"href":"https:\/\/www.leben-atmen.com\/palermo\/wp-json\/wp\/v2\/categories?post=368"},{"taxonomy":"post_tag","embeddable":true,"href":"https:\/\/www.leben-atmen.com\/palermo\/wp-json\/wp\/v2\/tags?post=368"}],"curies":[{"name":"wp","href":"https:\/\/api.w.org\/{rel}","templated":true}]}}