{"id":351,"date":"2013-06-04T17:17:56","date_gmt":"2013-06-04T17:17:56","guid":{"rendered":"https:\/\/www.leben-atmen.com\/palermo\/?p=351"},"modified":"2013-06-04T17:17:56","modified_gmt":"2013-06-04T17:17:56","slug":"ich-radle-fur-ralf-ein-rad-fur-ralf","status":"publish","type":"post","link":"https:\/\/www.leben-atmen.com\/palermo\/2013\/06\/04\/ich-radle-fur-ralf-ein-rad-fur-ralf\/","title":{"rendered":"Ich radle f\u00fcr Ralf &#8211; Ein Rad f\u00fcr Ralf"},"content":{"rendered":"<p>Vielleicht haben es einige noch nicht mitbekommen, dieses Jahr steht unsere Fahrradreise unter dem Motto &#8222;Ein Rad f\u00fcr Ralf&#8220;. Wir m\u00f6chten auf die schleichende Form der Multiple Sklerose aufmerksam machen und haben uns zu dieser Spendenfahrt entschlossen. Wer mehr \u00fcber Ralf und sein Schiksal wissen m\u00f6chte, der kann gerne ausf\u00fchrlicher nachlesen:\u00a0https:\/\/www.leben-atmen.com\/wp-content\/blogs.dir\/4\/app-fur-iphoneipad\/<\/p>\n<p>Wir m\u00f6chten Ralf gerne ein Behindertenrad der Marke &#8222;Hase&#8220; kaufen. Damit kann er mit seiner Frau Bea wieder Ausfl\u00fcge unternehmen, was den beiden im Moment durch den Rollstuhl nur schwer m\u00f6glich ist. Aber nat\u00fcrlich geht es uns in erster Linie darum, aufmerksam auf diese Form der MS zu machen.<\/p>\n<p>Unsere App und unser Blog ist v\u00f6llig gratis, wer uns trotzdem unterst\u00fctzen m\u00f6chte, und sei der Betrag noch so gering, der kann das gerne tun:<\/p>\n<p><strong>Spendenkonto<\/strong><\/p>\n<p><strong>Betreff: Ein Rad f\u00fcr Ralf<\/strong><\/p>\n<p><strong>Kto-Inhaber: Simone Ochsenk\u00fchn<\/strong><br \/>\n<strong>Raiffeisenbank Aindling<\/strong><br \/>\n<strong>BLZ 720 690 05<\/strong><br \/>\n<strong>KTO 1 000 429 945<\/strong><\/p>\n<p>Wer seinen Namen gerne im Blog ver\u00f6ffentlicht haben m\u00f6chte, bitte eine Notiz auf dem \u00dcberweisungsschein hinterlassen, denn grunds\u00e4tzlich werden Spender\/innen nicht namentlich genannt. Spendenquittungen k\u00f6nnen wir leider nicht ausstellen (Wir sind kein eingetragener Verein).<\/p>\n<p>Wer Fragen an Ralf hat, der kann einen Kommentar hinterlassen &#8211; er ist st\u00e4ndig dabei und beobachtet &#8211; oder schreibt eine E-Mail an: info@amac-buch.de, wir leiten es gerne weiter.<\/p>\n<p>Neuer Spendenkontostand am 4.6.2013 : Euro\u00a0475,-<\/p>\n<p>Vielen Dank an die Spender\/innen!<\/p>\n<p><a href=\"https:\/\/www.leben-atmen.com\/wp-content\/blogs.dir\/4\/files\/2013\/06\/ralf-und-ich.jpg\" data-rel=\"lightbox-image-0\" data-rl_title=\"\" data-rl_caption=\"\" title=\"\"><img decoding=\"async\" class=\"alignnone size-full\" alt=\"\" src=\"https:\/\/www.leben-atmen.com\/wp-content\/blogs.dir\/4\/files\/2013\/06\/ralf-und-ich.jpg\" \/><\/a><\/p>\n","protected":false},"excerpt":{"rendered":"<p>Vielleicht haben es einige noch nicht mitbekommen, dieses Jahr steht unsere Fahrradreise unter dem Motto &#8222;Ein Rad f\u00fcr Ralf&#8220;. Wir m\u00f6chten auf die schleichende Form der Multiple Sklerose aufmerksam machen und haben uns zu dieser Spendenfahrt entschlossen. Wer mehr \u00fcber &hellip; <a href=\"https:\/\/www.leben-atmen.com\/palermo\/2013\/06\/04\/ich-radle-fur-ralf-ein-rad-fur-ralf\/\">Weiterlesen <span class=\"meta-nav\">&rarr;<\/span><\/a><\/p>\n","protected":false},"author":2,"featured_media":0,"comment_status":"open","ping_status":"open","sticky":false,"template":"","format":"standard","meta":{"_jetpack_memberships_contains_paid_content":false,"footnotes":""},"categories":[1],"tags":[],"class_list":["post-351","post","type-post","status-publish","format-standard","hentry","category-allgemein"],"jetpack_featured_media_url":"","jetpack_sharing_enabled":true,"_links":{"self":[{"href":"https:\/\/www.leben-atmen.com\/palermo\/wp-json\/wp\/v2\/posts\/351","targetHints":{"allow":["GET"]}}],"collection":[{"href":"https:\/\/www.leben-atmen.com\/palermo\/wp-json\/wp\/v2\/posts"}],"about":[{"href":"https:\/\/www.leben-atmen.com\/palermo\/wp-json\/wp\/v2\/types\/post"}],"author":[{"embeddable":true,"href":"https:\/\/www.leben-atmen.com\/palermo\/wp-json\/wp\/v2\/users\/2"}],"replies":[{"embeddable":true,"href":"https:\/\/www.leben-atmen.com\/palermo\/wp-json\/wp\/v2\/comments?post=351"}],"version-history":[{"count":2,"href":"https:\/\/www.leben-atmen.com\/palermo\/wp-json\/wp\/v2\/posts\/351\/revisions"}],"predecessor-version":[{"id":353,"href":"https:\/\/www.leben-atmen.com\/palermo\/wp-json\/wp\/v2\/posts\/351\/revisions\/353"}],"wp:attachment":[{"href":"https:\/\/www.leben-atmen.com\/palermo\/wp-json\/wp\/v2\/media?parent=351"}],"wp:term":[{"taxonomy":"category","embeddable":true,"href":"https:\/\/www.leben-atmen.com\/palermo\/wp-json\/wp\/v2\/categories?post=351"},{"taxonomy":"post_tag","embeddable":true,"href":"https:\/\/www.leben-atmen.com\/palermo\/wp-json\/wp\/v2\/tags?post=351"}],"curies":[{"name":"wp","href":"https:\/\/api.w.org\/{rel}","templated":true}]}}