{"id":350,"date":"2013-06-04T15:56:45","date_gmt":"2013-06-04T15:56:45","guid":{"rendered":"https:\/\/www.leben-atmen.com\/palermo\/?p=350"},"modified":"2013-06-04T15:56:45","modified_gmt":"2013-06-04T15:56:45","slug":"gps-daten-online","status":"publish","type":"post","link":"https:\/\/www.leben-atmen.com\/palermo\/2013\/06\/04\/gps-daten-online\/","title":{"rendered":"GPS-Daten online"},"content":{"rendered":"<p>Soeben haben wir die Tour des heutigen Tages hochgeladen.<br \/>\nSo werden wir das ab heute jeden Tag tun. Immer am Ende des Tages nehmen wir unser Garmin Ger\u00e4t und holen von dort die Daten herunter,um diese ins Internet zu \u00fcbertragen. Mit der App f\u00fcr das iPhone und iPad kann man dann auf die Zeile mit den Daten tippen um eine Detail-Darstellung zu bekommen<br \/>\nF\u00fcr die heutige Tour sieht das so aus:<\/p>\n<p><a href=\"https:\/\/www.leben-atmen.com\/wp-content\/blogs.dir\/4\/files\/2013\/06\/20130604-175602.jpg\" data-rel=\"lightbox-image-0\" data-rl_title=\"\" data-rl_caption=\"\" title=\"\"><img decoding=\"async\" src=\"https:\/\/www.leben-atmen.com\/wp-content\/blogs.dir\/4\/files\/2013\/06\/20130604-175602.jpg\" alt=\"20130604-175602.jpg\" class=\"alignnone size-full\" \/><\/a><\/p>\n","protected":false},"excerpt":{"rendered":"<p>Soeben haben wir die Tour des heutigen Tages hochgeladen. So werden wir das ab heute jeden Tag tun. Immer am Ende des Tages nehmen wir unser Garmin Ger\u00e4t und holen von dort die Daten herunter,um diese ins Internet zu \u00fcbertragen. &hellip; <a href=\"https:\/\/www.leben-atmen.com\/palermo\/2013\/06\/04\/gps-daten-online\/\">Weiterlesen <span class=\"meta-nav\">&rarr;<\/span><\/a><\/p>\n","protected":false},"author":3,"featured_media":0,"comment_status":"open","ping_status":"open","sticky":false,"template":"","format":"standard","meta":{"_jetpack_memberships_contains_paid_content":false,"footnotes":""},"categories":[1],"tags":[],"class_list":["post-350","post","type-post","status-publish","format-standard","hentry","category-allgemein"],"jetpack_featured_media_url":"","jetpack_sharing_enabled":true,"_links":{"self":[{"href":"https:\/\/www.leben-atmen.com\/palermo\/wp-json\/wp\/v2\/posts\/350","targetHints":{"allow":["GET"]}}],"collection":[{"href":"https:\/\/www.leben-atmen.com\/palermo\/wp-json\/wp\/v2\/posts"}],"about":[{"href":"https:\/\/www.leben-atmen.com\/palermo\/wp-json\/wp\/v2\/types\/post"}],"author":[{"embeddable":true,"href":"https:\/\/www.leben-atmen.com\/palermo\/wp-json\/wp\/v2\/users\/3"}],"replies":[{"embeddable":true,"href":"https:\/\/www.leben-atmen.com\/palermo\/wp-json\/wp\/v2\/comments?post=350"}],"version-history":[{"count":0,"href":"https:\/\/www.leben-atmen.com\/palermo\/wp-json\/wp\/v2\/posts\/350\/revisions"}],"wp:attachment":[{"href":"https:\/\/www.leben-atmen.com\/palermo\/wp-json\/wp\/v2\/media?parent=350"}],"wp:term":[{"taxonomy":"category","embeddable":true,"href":"https:\/\/www.leben-atmen.com\/palermo\/wp-json\/wp\/v2\/categories?post=350"},{"taxonomy":"post_tag","embeddable":true,"href":"https:\/\/www.leben-atmen.com\/palermo\/wp-json\/wp\/v2\/tags?post=350"}],"curies":[{"name":"wp","href":"https:\/\/api.w.org\/{rel}","templated":true}]}}