{"id":341,"date":"2013-06-04T10:32:18","date_gmt":"2013-06-04T10:32:18","guid":{"rendered":"https:\/\/www.leben-atmen.com\/palermo\/?p=341"},"modified":"2013-06-04T10:32:18","modified_gmt":"2013-06-04T10:32:18","slug":"auf-der-via-claudia-augusta","status":"publish","type":"post","link":"https:\/\/www.leben-atmen.com\/palermo\/2013\/06\/04\/auf-der-via-claudia-augusta\/","title":{"rendered":"Auf der Via Claudia Augusta"},"content":{"rendered":"<p>Wir sind jetzt auf der via Claudia Augusta, und uns geht es hervorragend. Es ist unglaublich gr\u00fcn hier, und ruhig, man merkt \u00fcberhaupt nicht das die St\u00e4dte K\u00f6nigsbrunn und Haunstetten sowie Augsburg neben uns verlaufen. Toni freut sich besonders \u00fcber die gute Ausschilderung.<\/p>\n<p><a href=\"https:\/\/www.leben-atmen.com\/wp-content\/blogs.dir\/4\/files\/2013\/06\/20130604-123204.jpg\" data-rel=\"lightbox-image-0\" data-rl_title=\"\" data-rl_caption=\"\" title=\"\"><img decoding=\"async\" src=\"https:\/\/www.leben-atmen.com\/wp-content\/blogs.dir\/4\/files\/2013\/06\/20130604-123204.jpg\" alt=\"20130604-123204.jpg\" class=\"alignnone size-full\" \/><\/a><\/p>\n","protected":false},"excerpt":{"rendered":"<p>Wir sind jetzt auf der via Claudia Augusta, und uns geht es hervorragend. Es ist unglaublich gr\u00fcn hier, und ruhig, man merkt \u00fcberhaupt nicht das die St\u00e4dte K\u00f6nigsbrunn und Haunstetten sowie Augsburg neben uns verlaufen. Toni freut sich besonders \u00fcber &hellip; <a href=\"https:\/\/www.leben-atmen.com\/palermo\/2013\/06\/04\/auf-der-via-claudia-augusta\/\">Weiterlesen <span class=\"meta-nav\">&rarr;<\/span><\/a><\/p>\n","protected":false},"author":2,"featured_media":0,"comment_status":"open","ping_status":"open","sticky":false,"template":"","format":"standard","meta":{"_jetpack_memberships_contains_paid_content":false,"footnotes":""},"categories":[1],"tags":[],"class_list":["post-341","post","type-post","status-publish","format-standard","hentry","category-allgemein"],"jetpack_featured_media_url":"","jetpack_sharing_enabled":true,"_links":{"self":[{"href":"https:\/\/www.leben-atmen.com\/palermo\/wp-json\/wp\/v2\/posts\/341","targetHints":{"allow":["GET"]}}],"collection":[{"href":"https:\/\/www.leben-atmen.com\/palermo\/wp-json\/wp\/v2\/posts"}],"about":[{"href":"https:\/\/www.leben-atmen.com\/palermo\/wp-json\/wp\/v2\/types\/post"}],"author":[{"embeddable":true,"href":"https:\/\/www.leben-atmen.com\/palermo\/wp-json\/wp\/v2\/users\/2"}],"replies":[{"embeddable":true,"href":"https:\/\/www.leben-atmen.com\/palermo\/wp-json\/wp\/v2\/comments?post=341"}],"version-history":[{"count":0,"href":"https:\/\/www.leben-atmen.com\/palermo\/wp-json\/wp\/v2\/posts\/341\/revisions"}],"wp:attachment":[{"href":"https:\/\/www.leben-atmen.com\/palermo\/wp-json\/wp\/v2\/media?parent=341"}],"wp:term":[{"taxonomy":"category","embeddable":true,"href":"https:\/\/www.leben-atmen.com\/palermo\/wp-json\/wp\/v2\/categories?post=341"},{"taxonomy":"post_tag","embeddable":true,"href":"https:\/\/www.leben-atmen.com\/palermo\/wp-json\/wp\/v2\/tags?post=341"}],"curies":[{"name":"wp","href":"https:\/\/api.w.org\/{rel}","templated":true}]}}