{"id":330,"date":"2013-06-03T17:11:57","date_gmt":"2013-06-03T17:11:57","guid":{"rendered":"https:\/\/www.leben-atmen.com\/palermo\/?p=330"},"modified":"2013-06-03T17:11:57","modified_gmt":"2013-06-03T17:11:57","slug":"augsburg-und-die-fuggerei","status":"publish","type":"post","link":"https:\/\/www.leben-atmen.com\/palermo\/2013\/06\/03\/augsburg-und-die-fuggerei\/","title":{"rendered":"Augsburg und die Fuggerei"},"content":{"rendered":"<p>Einen Vorteil hatte heute die verschobene Abfahrt: Wir besuchten das 18 km entfernte Augsburg als Touristen! Sonst nur als Shopping-Stadt genutzt, hatten wir Zeit, alles mit anderen Augen zu sehen&#8230;<\/p>\n<p>In Augsburg sind u. a. wichtige Personen geboren: Berthold Brecht, Mozarts Papa,\u00a0Jakob Fugger \u2013\u00a0und ich \ud83d\ude09<\/p>\n<p>Wir besichtigen die Fuggerei (dort war ich noch nie, unglaublich oder?).\u00a0Ein Besuch ist f\u00fcr den Augsburg-Touristen ein Muss. Man erf\u00e4hrt viel \u00fcber Werdegang und den Reichtum Augsburgs, der nicht zuletzt auch von den damals einflussreichen Fuggern ma\u00dfgeblich mit verursacht wurde.<\/p>\n<div>Was ist die Fuggerei? Es ist die \u00e4lteste Sozialsiedlung \u00fcberhaupt, erbaut von Jakob Fugger dem Reichen, im Jahre 1521. Zuerst hie\u00df die Siedlung &#8222;Fuckerei&#8220;. Damals schon war die Miete f\u00fcr eine Wohnung unglaublich g\u00fcnstig: umgerechnet 0,88 Euro pro Jahr.<\/div>\n<div>Es gab aber Bedingungen: \u00a0Bed\u00fcrftig musste man nat\u00fcrlich sein, katholischer Konfession angeh\u00f6ren und zuletzt drei Gebete t\u00e4glich f\u00fcr die Fuggerfamilie beten. Das wars. Und man stelle sich vor, das alles ist bis heute so geblieben, inklusive der Gebete!<\/div>\n<div>Im Kriege Februar 1944 v\u00f6llig zerst\u00f6rt, bauten die Fugger es schon im gleichen Jahr wieder auf und erweiterten die Siedlung sogar.\u00a0Ein lebendiges Museum, aber noch heute sozialer Wohnungsbau, wirklich reizend, bescheiden, sch\u00f6n. Die Wohnungen finanzieren sich durch Eintrittsgelder und Spenden und werden nach wie vor von der Fuggerfamilie verwaltet.<\/div>\n<div>Wir gehen weiter zum Perlachturm und dem Rathaus, das neben der Fuggerei und dem Dom zu den tollsten Sehensw\u00fcrdigkeiten z\u00e4hlt. Es ist ein Beispiel der Renaissancebauweise, die ihresgleichen sucht. Im Rathaus befindet sich der &#8222;Goldene Saal&#8220;, der besucht werden muss. Wer mehr dar\u00fcber wissen will:\u00a0http:\/\/de.wikipedia.org\/wiki\/Goldener_Saal<\/div>\n<div>Der Perlachturm ist noch viel \u00e4lter. 989 wurde er erschaffen und sollte als Wachturm f\u00fcr die Reichsstadt dienen. Er wurde oft umgebaut und letzlich im Zuge der Rathausfassadengestaltung optisch angeglichen. Auf Wikipedia kann man die Gestaltung des Turmes zu Fuggers Zeit bewundern.<\/div>\n<div><a href=\"https:\/\/www.leben-atmen.com\/wp-content\/blogs.dir\/4\/files\/2013\/06\/1-Finstere-Gasse.jpg\" data-rel=\"lightbox-image-0\" data-rl_title=\"\" data-rl_caption=\"\" title=\"\"><img decoding=\"async\" class=\"alignnone size-full\" alt=\"\" src=\"https:\/\/www.leben-atmen.com\/wp-content\/blogs.dir\/4\/files\/2013\/06\/1-Finstere-Gasse.jpg\" \/><\/a> <a href=\"https:\/\/www.leben-atmen.com\/wp-content\/blogs.dir\/4\/files\/2013\/06\/2-Schlafzimmer-Fuggerei-16jhrdt.jpg\" data-rel=\"lightbox-image-1\" data-rl_title=\"\" data-rl_caption=\"\" title=\"\"><img decoding=\"async\" class=\"alignnone size-full\" alt=\"\" src=\"https:\/\/www.leben-atmen.com\/wp-content\/blogs.dir\/4\/files\/2013\/06\/2-Schlafzimmer-Fuggerei-16jhrdt.jpg\" \/><\/a> <a href=\"https:\/\/www.leben-atmen.com\/wp-content\/blogs.dir\/4\/files\/2013\/06\/3-Spruch-im-Fenster-in-Fuggerei.jpg\" data-rel=\"lightbox-image-2\" data-rl_title=\"\" data-rl_caption=\"\" title=\"\"><img decoding=\"async\" class=\"alignnone size-full\" alt=\"\" src=\"https:\/\/www.leben-atmen.com\/wp-content\/blogs.dir\/4\/files\/2013\/06\/3-Spruch-im-Fenster-in-Fuggerei.jpg\" \/><\/a> <a href=\"https:\/\/www.leben-atmen.com\/wp-content\/blogs.dir\/4\/files\/2013\/06\/4-Rathaus-Augsburg.jpg\" data-rel=\"lightbox-image-3\" data-rl_title=\"\" data-rl_caption=\"\" title=\"\"><img decoding=\"async\" class=\"alignnone size-full\" alt=\"\" src=\"https:\/\/www.leben-atmen.com\/wp-content\/blogs.dir\/4\/files\/2013\/06\/4-Rathaus-Augsburg.jpg\" \/><\/a><\/div>\n","protected":false},"excerpt":{"rendered":"<p>Einen Vorteil hatte heute die verschobene Abfahrt: Wir besuchten das 18 km entfernte Augsburg als Touristen! Sonst nur als Shopping-Stadt genutzt, hatten wir Zeit, alles mit anderen Augen zu sehen&#8230; In Augsburg sind u. a. wichtige Personen geboren: Berthold Brecht, &hellip; <a href=\"https:\/\/www.leben-atmen.com\/palermo\/2013\/06\/03\/augsburg-und-die-fuggerei\/\">Weiterlesen <span class=\"meta-nav\">&rarr;<\/span><\/a><\/p>\n","protected":false},"author":2,"featured_media":0,"comment_status":"open","ping_status":"open","sticky":false,"template":"","format":"standard","meta":{"_jetpack_memberships_contains_paid_content":false,"footnotes":""},"categories":[1],"tags":[],"class_list":["post-330","post","type-post","status-publish","format-standard","hentry","category-allgemein"],"jetpack_featured_media_url":"","jetpack_sharing_enabled":true,"_links":{"self":[{"href":"https:\/\/www.leben-atmen.com\/palermo\/wp-json\/wp\/v2\/posts\/330","targetHints":{"allow":["GET"]}}],"collection":[{"href":"https:\/\/www.leben-atmen.com\/palermo\/wp-json\/wp\/v2\/posts"}],"about":[{"href":"https:\/\/www.leben-atmen.com\/palermo\/wp-json\/wp\/v2\/types\/post"}],"author":[{"embeddable":true,"href":"https:\/\/www.leben-atmen.com\/palermo\/wp-json\/wp\/v2\/users\/2"}],"replies":[{"embeddable":true,"href":"https:\/\/www.leben-atmen.com\/palermo\/wp-json\/wp\/v2\/comments?post=330"}],"version-history":[{"count":1,"href":"https:\/\/www.leben-atmen.com\/palermo\/wp-json\/wp\/v2\/posts\/330\/revisions"}],"predecessor-version":[{"id":335,"href":"https:\/\/www.leben-atmen.com\/palermo\/wp-json\/wp\/v2\/posts\/330\/revisions\/335"}],"wp:attachment":[{"href":"https:\/\/www.leben-atmen.com\/palermo\/wp-json\/wp\/v2\/media?parent=330"}],"wp:term":[{"taxonomy":"category","embeddable":true,"href":"https:\/\/www.leben-atmen.com\/palermo\/wp-json\/wp\/v2\/categories?post=330"},{"taxonomy":"post_tag","embeddable":true,"href":"https:\/\/www.leben-atmen.com\/palermo\/wp-json\/wp\/v2\/tags?post=330"}],"curies":[{"name":"wp","href":"https:\/\/api.w.org\/{rel}","templated":true}]}}