{"id":325,"date":"2013-06-03T12:16:05","date_gmt":"2013-06-03T12:16:05","guid":{"rendered":"https:\/\/www.leben-atmen.com\/palermo\/?p=325"},"modified":"2013-06-03T12:16:05","modified_gmt":"2013-06-03T12:16:05","slug":"was-fur-ein-vormittag","status":"publish","type":"post","link":"https:\/\/www.leben-atmen.com\/palermo\/2013\/06\/03\/was-fur-ein-vormittag\/","title":{"rendered":"Was f\u00fcr ein Vormittag!"},"content":{"rendered":"<p>Heute Nacht bin ich von Regenger\u00e4uschen aufgewacht. Ich dachte &#8222;Das h\u00f6rt bis morgens nie auf!&#8220;. Als ich um 6 Uhr aus dem Fenster blickte, hatte es tats\u00e4chlich aufgeh\u00f6rt. Toni, noch verschlafen, brummelte, es sei noch zu fr\u00fch zum fahren. Nun, so verkroch ich mich noch einmal unter die Decke. Um 8.30 Uhr goss es erneut wie aus Eimern. Dazu die K\u00e4lte, es hatte nur 6\u00b0C. Nach dem Fr\u00fchst\u00fcck schauten wir Wetterberichte an, die verk\u00fcndeten, dass es heute noch nicht besser werden w\u00fcrde, obgleich sich die Hochwassersituation entspannen solle.<\/p>\n<div>Wir sitzen vor unseren gepackten Satteltaschen im Wohnzimmer und es gie\u00dft und gie\u00dft und gie\u00dft. Ich weigere mich, auf den Drahtesel zu steigen, die Stimmung ist bei uns beiden am frostigen Tiefpunkt. Toni will unbedingt, ich unbedingt nicht. Er argumentiert, wir h\u00e4tten doch den Poncho, ich lamentiere, ich h\u00e4tte aber keinen Skianzug dabei! Warum freiwillig da raus? Ich bin doch nicht bl\u00f6d! Zumal alle Radwege in der Umgebung teilweise noch \u00fcberflutet sind. Es ist eine schwere Entscheidung. Ich einige mich mit Toni, noch bis morgen zu warten. Aber morgen geht es endg\u00fcltig los, mit der Kulturradreise, mit dem sch\u00f6nen Wetter, mit der guten Stimmung. Versprochen!<a href=\"https:\/\/www.leben-atmen.com\/wp-content\/blogs.dir\/4\/files\/2013\/06\/landsberg-quelle-dpa.png\" data-rel=\"lightbox-image-0\" data-rl_title=\"\" data-rl_caption=\"\" title=\"\"><img decoding=\"async\" class=\"alignnone size-full\" alt=\"\" src=\"https:\/\/www.leben-atmen.com\/wp-content\/blogs.dir\/4\/files\/2013\/06\/landsberg-quelle-dpa.png\" \/><\/a><\/div>\n<div><\/div>\n<div>Unsere erste Etappe Landsberg geht unter. Bildquelle: dpa<\/div>\n","protected":false},"excerpt":{"rendered":"<p>Heute Nacht bin ich von Regenger\u00e4uschen aufgewacht. Ich dachte &#8222;Das h\u00f6rt bis morgens nie auf!&#8220;. Als ich um 6 Uhr aus dem Fenster blickte, hatte es tats\u00e4chlich aufgeh\u00f6rt. Toni, noch verschlafen, brummelte, es sei noch zu fr\u00fch zum fahren. Nun, &hellip; <a href=\"https:\/\/www.leben-atmen.com\/palermo\/2013\/06\/03\/was-fur-ein-vormittag\/\">Weiterlesen <span class=\"meta-nav\">&rarr;<\/span><\/a><\/p>\n","protected":false},"author":2,"featured_media":0,"comment_status":"open","ping_status":"open","sticky":false,"template":"","format":"standard","meta":{"_jetpack_memberships_contains_paid_content":false,"footnotes":""},"categories":[1],"tags":[],"class_list":["post-325","post","type-post","status-publish","format-standard","hentry","category-allgemein"],"jetpack_featured_media_url":"","jetpack_sharing_enabled":true,"_links":{"self":[{"href":"https:\/\/www.leben-atmen.com\/palermo\/wp-json\/wp\/v2\/posts\/325","targetHints":{"allow":["GET"]}}],"collection":[{"href":"https:\/\/www.leben-atmen.com\/palermo\/wp-json\/wp\/v2\/posts"}],"about":[{"href":"https:\/\/www.leben-atmen.com\/palermo\/wp-json\/wp\/v2\/types\/post"}],"author":[{"embeddable":true,"href":"https:\/\/www.leben-atmen.com\/palermo\/wp-json\/wp\/v2\/users\/2"}],"replies":[{"embeddable":true,"href":"https:\/\/www.leben-atmen.com\/palermo\/wp-json\/wp\/v2\/comments?post=325"}],"version-history":[{"count":2,"href":"https:\/\/www.leben-atmen.com\/palermo\/wp-json\/wp\/v2\/posts\/325\/revisions"}],"predecessor-version":[{"id":327,"href":"https:\/\/www.leben-atmen.com\/palermo\/wp-json\/wp\/v2\/posts\/325\/revisions\/327"}],"wp:attachment":[{"href":"https:\/\/www.leben-atmen.com\/palermo\/wp-json\/wp\/v2\/media?parent=325"}],"wp:term":[{"taxonomy":"category","embeddable":true,"href":"https:\/\/www.leben-atmen.com\/palermo\/wp-json\/wp\/v2\/categories?post=325"},{"taxonomy":"post_tag","embeddable":true,"href":"https:\/\/www.leben-atmen.com\/palermo\/wp-json\/wp\/v2\/tags?post=325"}],"curies":[{"name":"wp","href":"https:\/\/api.w.org\/{rel}","templated":true}]}}