{"id":320,"date":"2013-06-02T10:46:31","date_gmt":"2013-06-02T10:46:31","guid":{"rendered":"https:\/\/www.leben-atmen.com\/palermo\/?p=320"},"modified":"2013-06-02T10:46:31","modified_gmt":"2013-06-02T10:46:31","slug":"worauf-ich-mich-freue","status":"publish","type":"post","link":"https:\/\/www.leben-atmen.com\/palermo\/2013\/06\/02\/worauf-ich-mich-freue\/","title":{"rendered":"Worauf ich mich freue"},"content":{"rendered":"<p>Na zun\u00e4chst einmal auf Sonne &#8211; Sonne satt. Einfach mal \u00fcber 20 Grad &#8211; wolkenloser Himmel und das mehrere Tage hintereinander.<\/p>\n<p>Dann bin ich schon neugierig auf die Via Claudia Augusta, der wir von morgen an bis Meran\/Bozen folgen werden. Ich habe von dieser Route schon viel Positives geh\u00f6rt und tolle Fotos gesehen. Bin schon ganz neugierig darauf, es selbst zu erleben.<\/p>\n<p>Auch die Po-Ebene stelle ich mir interessant vor. Mehrmals sind wir schon mit dem Auto dort unterwegs gewesen &#8211; aber eben noch nie mit dem Fahrrad.<\/p>\n<p>Sicher ein Highlight wird das Radeln im Apennin sein von Florenz \u00fcber Assisi in Richtung Rom.<\/p>\n<p>Dann freue ich mich schon riesig auf Sardinien. Alle, die dort bislang Urlaub verbracht haben, sind total begeistert. Ich mache mir einzig wegen dem Radlfahren dort etwas Sorgen: Also wir 2010 in Richtung Istanbul oft auf kroatischen Inseln unterwegs waren, hatten wir oft enge und un\u00fcbersichtliche Stra\u00dfen mit bisweilen r\u00fccksichtslosen Autofahrern.<\/p>\n<p>Wieder zur\u00fcck auf dem Festland werden sicher Neapel, Pompej und die Amalfik\u00fcste beeindruckend sein.<\/p>\n<p>Neben den vielen landschaftlichen und kulturellen Highlights sind es immer wieder die Augenblicke, die man eben nicht planen kann. Das habe ich so in 2012 auf der Fahrt nach Marrakesh erfahren. Unterwegs passieren immer wieder Dinge, die mir dann ganz lang in Erinnerung sind, weil es einfach unglaublich war. Ein Beispiel daf\u00fcr waren die herrlich duftenden Lavendelfelder in der Provence in Frankreich. Das \u00a0l\u00e4sst sich nicht beschreiben, nicht fotografieren &#8211; das muss man selbst erleben.<\/p>\n<p>Und genau deshalb machen wir uns wieder auf die Reise. Wir sind gut vorbereitet &#8211; aber genau das nicht Geplante ist oftmals so wertvoll.<\/p>\n<p>Wir werden uns alle M\u00fche geben, mit Texten, Fotos und Bewegtbildern all das zu schildern, was wir erleben und Euch teilhaben zu lassen.<\/p>\n<p>&nbsp;<\/p>\n<p>&nbsp;<\/p>\n<p>&nbsp;<\/p>\n","protected":false},"excerpt":{"rendered":"<p>Na zun\u00e4chst einmal auf Sonne &#8211; Sonne satt. Einfach mal \u00fcber 20 Grad &#8211; wolkenloser Himmel und das mehrere Tage hintereinander. Dann bin ich schon neugierig auf die Via Claudia Augusta, der wir von morgen an bis Meran\/Bozen folgen werden. &hellip; <a href=\"https:\/\/www.leben-atmen.com\/palermo\/2013\/06\/02\/worauf-ich-mich-freue\/\">Weiterlesen <span class=\"meta-nav\">&rarr;<\/span><\/a><\/p>\n","protected":false},"author":3,"featured_media":0,"comment_status":"open","ping_status":"open","sticky":false,"template":"","format":"standard","meta":{"_jetpack_memberships_contains_paid_content":false,"footnotes":""},"categories":[1],"tags":[],"class_list":["post-320","post","type-post","status-publish","format-standard","hentry","category-allgemein"],"jetpack_featured_media_url":"","jetpack_sharing_enabled":true,"_links":{"self":[{"href":"https:\/\/www.leben-atmen.com\/palermo\/wp-json\/wp\/v2\/posts\/320","targetHints":{"allow":["GET"]}}],"collection":[{"href":"https:\/\/www.leben-atmen.com\/palermo\/wp-json\/wp\/v2\/posts"}],"about":[{"href":"https:\/\/www.leben-atmen.com\/palermo\/wp-json\/wp\/v2\/types\/post"}],"author":[{"embeddable":true,"href":"https:\/\/www.leben-atmen.com\/palermo\/wp-json\/wp\/v2\/users\/3"}],"replies":[{"embeddable":true,"href":"https:\/\/www.leben-atmen.com\/palermo\/wp-json\/wp\/v2\/comments?post=320"}],"version-history":[{"count":1,"href":"https:\/\/www.leben-atmen.com\/palermo\/wp-json\/wp\/v2\/posts\/320\/revisions"}],"predecessor-version":[{"id":321,"href":"https:\/\/www.leben-atmen.com\/palermo\/wp-json\/wp\/v2\/posts\/320\/revisions\/321"}],"wp:attachment":[{"href":"https:\/\/www.leben-atmen.com\/palermo\/wp-json\/wp\/v2\/media?parent=320"}],"wp:term":[{"taxonomy":"category","embeddable":true,"href":"https:\/\/www.leben-atmen.com\/palermo\/wp-json\/wp\/v2\/categories?post=320"},{"taxonomy":"post_tag","embeddable":true,"href":"https:\/\/www.leben-atmen.com\/palermo\/wp-json\/wp\/v2\/tags?post=320"}],"curies":[{"name":"wp","href":"https:\/\/api.w.org\/{rel}","templated":true}]}}